{"id":24125,"date":"2026-05-01T15:20:00","date_gmt":"2026-05-01T18:20:00","guid":{"rendered":"https:\/\/diariodaregiao.audiencelabs.com.br\/?p=24125"},"modified":"2026-04-30T16:41:07","modified_gmt":"2026-04-30T19:41:07","slug":"enquanto-andre-deve-ser-vendido-por-cerca-de-r-236-milhoes-danilo-deve-sair-mais-barato","status":"publish","type":"post","link":"https:\/\/diariodaregiao.audiencelabs.com.br\/enquanto-andre-deve-ser-vendido-por-cerca-de-r-236-milhoes-danilo-deve-sair-mais-barato\/","title":{"rendered":"Enquanto Andr\u00e9 deve ser vendido por cerca de R$ 236 milh\u00f5es, Danilo deve sair mais barato"},"content":{"rendered":"\n<p>Com o rebaixamento do Wolverhampton, Andr\u00e9 deve ser vendido na pr\u00f3xima janela de transfer\u00eancias por uma quantia acima dos padr\u00f5es do futebol brasileiro. Enquanto isso, Danilo, que tem brilhado com a camisa do Botafogo, pode fazer a mesma fun\u00e7\u00e3o do compatriota custando um pouco menos.<\/p>\n\n\n\n<p>Segundo o portal RTI Esporte, Andr\u00e9 pode ser negociado pelos Wolves por algo em torno de 35 milh\u00f5es de libras, valor que na cota\u00e7\u00e3o atual corresponde a R$ 236 milh\u00f5es. Nesse momento, quem aparece como maior interessado em contrat\u00e1-lo \u00e9 o Leed United, que deve se garantir na Premier League.<\/p>\n\n\n\n<p>Cifras consideravelmente elevadas para os brasileiros que gostariam de repatri\u00e1-lo, at\u00e9 mesmo clubes como Flamengo e Palmeiras, que disp\u00f5em de melhores condi\u00e7\u00f5es que os demais. Danilo, por sua vez, tem entregado um desempenho melhor que o companheiro de posi\u00e7\u00e3o e exigiria um esfor\u00e7o financeiro menor.<\/p>\n\n\n<div class=\"wp-block-image\">\n<figure class=\"aligncenter size-large\"><img loading=\"lazy\" decoding=\"async\" width=\"1024\" height=\"683\" src=\"https:\/\/diariodaregiao.audiencelabs.com.br\/wp-content\/uploads\/2026\/04\/55202675467_29e7eb9c28_h-1024x683.jpg\" alt=\"\" class=\"wp-image-22333\" srcset=\"https:\/\/diariodaregiao.audiencelabs.com.br\/wp-content\/uploads\/2026\/04\/55202675467_29e7eb9c28_h-1024x683.jpg 1024w, https:\/\/diariodaregiao.audiencelabs.com.br\/wp-content\/uploads\/2026\/04\/55202675467_29e7eb9c28_h-300x200.jpg 300w, https:\/\/diariodaregiao.audiencelabs.com.br\/wp-content\/uploads\/2026\/04\/55202675467_29e7eb9c28_h-768x512.jpg 768w, https:\/\/diariodaregiao.audiencelabs.com.br\/wp-content\/uploads\/2026\/04\/55202675467_29e7eb9c28_h-1536x1024.jpg 1536w, https:\/\/diariodaregiao.audiencelabs.com.br\/wp-content\/uploads\/2026\/04\/55202675467_29e7eb9c28_h-750x500.jpg 750w, https:\/\/diariodaregiao.audiencelabs.com.br\/wp-content\/uploads\/2026\/04\/55202675467_29e7eb9c28_h-1140x760.jpg 1140w, https:\/\/diariodaregiao.audiencelabs.com.br\/wp-content\/uploads\/2026\/04\/55202675467_29e7eb9c28_h.jpg 1600w\" sizes=\"auto, (max-width: 1024px) 100vw, 1024px\" \/><figcaption class=\"wp-element-caption\">Cr\u00e9ditos: V\u00edtor Silva\/Botafogo<\/figcaption><\/figure>\n<\/div>\n\n\n<p>Para negociar o melhor jogador do Brasileir\u00e3o, o Botafogo n\u00e3o aceita menos de 30 milh\u00f5es de euros, que tamb\u00e9m \u00e9 alto, mas n\u00e3o tanto quanto o de Andr\u00e9. Diante da possibilidade de o meio-campista ser convocado para disputar a Copa do Mundo com a Sele\u00e7\u00e3o Brasileira, o valor da pedida alvinegra pode subir ainda mais nos pr\u00f3ximos meses.&nbsp;<\/p>\n\n\n\n<h2 class=\"wp-block-heading\">Andr\u00e9 e Danilo est\u00e3o na mira do Palmeiras<\/h2>\n\n\n\n<p>Tanto Andr\u00e9 quanto Danilo est\u00e3o na mira do Verd\u00e3o. O notici\u00e1rio do mercado da bola d\u00e1 conta de que o time paulista est\u00e1 de olho em jogadores da posi\u00e7\u00e3o pensando na pr\u00f3xima janela e os dois nomes constam na lista de poss\u00edveis alvos.<\/p>\n\n\n\n<p>O t\u00e9cnico Abel Ferreira, por exemplo, n\u00e3o esconde a admira\u00e7\u00e3o que possui por Danilo, seu ex-comandado no Allianz Parque. Ali\u00e1s, a identifica\u00e7\u00e3o que a Cria da Academia tem com o clube poderia ser um aliado neste momento.<\/p>\n\n\n\n<p>Contudo, as cifras envolvidas nas negocia\u00e7\u00f5es podem fazer a diretoria comandada por Leila Pereira dar um passo atr\u00e1s e buscar alternativas mais baratas para refor\u00e7ar o plantel.<\/p>\n","protected":false},"excerpt":{"rendered":"<p>Com o rebaixamento do Wolverhampton, Andr\u00e9 deve ser vendido na pr\u00f3xima janela de transfer\u00eancias por uma quantia acima dos padr\u00f5es do futebol brasileiro. Enquanto isso, Danilo, que tem brilhado com a camisa do Botafogo, pode fazer a mesma fun\u00e7\u00e3o do compatriota custando um pouco menos. Segundo o portal RTI Esporte, Andr\u00e9 pode ser negociado pelos [&hellip;]<\/p>\n","protected":false},"author":14,"featured_media":24126,"comment_status":"open","ping_status":"open","sticky":false,"template":"","format":"standard","meta":{"jnews-multi-image_gallery":[],"jnews_single_post":{"format":"standard"},"jnews_primary_category":[],"jnews_social_meta":[],"jnews_post_split":[],"footnotes":""},"categories":[1],"tags":[],"class_list":["post-24125","post","type-post","status-publish","format-standard","has-post-thumbnail","hentry","category-variedades"],"_links":{"self":[{"href":"https:\/\/diariodaregiao.audiencelabs.com.br\/wp-json\/wp\/v2\/posts\/24125","targetHints":{"allow":["GET"]}}],"collection":[{"href":"https:\/\/diariodaregiao.audiencelabs.com.br\/wp-json\/wp\/v2\/posts"}],"about":[{"href":"https:\/\/diariodaregiao.audiencelabs.com.br\/wp-json\/wp\/v2\/types\/post"}],"author":[{"embeddable":true,"href":"https:\/\/diariodaregiao.audiencelabs.com.br\/wp-json\/wp\/v2\/users\/14"}],"replies":[{"embeddable":true,"href":"https:\/\/diariodaregiao.audiencelabs.com.br\/wp-json\/wp\/v2\/comments?post=24125"}],"version-history":[{"count":1,"href":"https:\/\/diariodaregiao.audiencelabs.com.br\/wp-json\/wp\/v2\/posts\/24125\/revisions"}],"predecessor-version":[{"id":24127,"href":"https:\/\/diariodaregiao.audiencelabs.com.br\/wp-json\/wp\/v2\/posts\/24125\/revisions\/24127"}],"wp:featuredmedia":[{"embeddable":true,"href":"https:\/\/diariodaregiao.audiencelabs.com.br\/wp-json\/wp\/v2\/media\/24126"}],"wp:attachment":[{"href":"https:\/\/diariodaregiao.audiencelabs.com.br\/wp-json\/wp\/v2\/media?parent=24125"}],"wp:term":[{"taxonomy":"category","embeddable":true,"href":"https:\/\/diariodaregiao.audiencelabs.com.br\/wp-json\/wp\/v2\/categories?post=24125"},{"taxonomy":"post_tag","embeddable":true,"href":"https:\/\/diariodaregiao.audiencelabs.com.br\/wp-json\/wp\/v2\/tags?post=24125"}],"curies":[{"name":"wp","href":"https:\/\/api.w.org\/{rel}","templated":true}]}}