{"id":24182,"date":"2026-05-01T13:50:00","date_gmt":"2026-05-01T16:50:00","guid":{"rendered":"https:\/\/diariodaregiao.audiencelabs.com.br\/?p=24182"},"modified":"2026-05-01T13:35:55","modified_gmt":"2026-05-01T16:35:55","slug":"sao-paulo-determina-dois-primeiros-reforcos-para-roger-machado-na-proxima-janela","status":"publish","type":"post","link":"https:\/\/diariodaregiao.audiencelabs.com.br\/sao-paulo-determina-dois-primeiros-reforcos-para-roger-machado-na-proxima-janela\/","title":{"rendered":"S\u00e3o Paulo determina dois primeiros refor\u00e7os para Roger Machado na pr\u00f3xima janela"},"content":{"rendered":"\n<p>O S\u00e3o Paulo j\u00e1 come\u00e7ou a desenhar seus movimentos para a pr\u00f3xima janela de transfer\u00eancias e definiu duas car\u00eancias consideradas priorit\u00e1rias pela comiss\u00e3o t\u00e9cnica e pela diretoria: a contrata\u00e7\u00e3o de um zagueiro e de um atacante para a sequ\u00eancia da temporada.<\/p>\n\n\n\n<p>A necessidade de refor\u00e7ar o sistema defensivo ganhou for\u00e7a nos \u00faltimos dias por causa da situa\u00e7\u00e3o envolvendo Robert Arboleda. O defensor equatoriano segue fora do Brasil e ainda n\u00e3o se reapresentou ao clube, cen\u00e1rio que aumentou a tens\u00e3o nos bastidores do Morumbi.<\/p>\n\n\n\n<p>O Tricolor Paulista desejava a volta do zagueiro no dia 30 de abril para tratar de sua situa\u00e7\u00e3o contratual, mas n\u00e3o aconteceu. Diante da possibilidade de perder Arboleda, o S\u00e3o Paulo intensificou o mapeamento de op\u00e7\u00f5es para o setor defensivo no mercado nacional.<\/p>\n\n\n\n<p>O caso ganhou peso jur\u00eddico porque a pr\u00f3xima segunda-feira, 4 de maio, marcar\u00e1 30 dias desde a \u00faltima apresenta\u00e7\u00e3o do atleta. Esse prazo \u00e9 visto como relevante em uma eventual disputa na Fifa, podendo sustentar um processo de rescis\u00e3o unilateral por abandono de trabalho.<\/p>\n\n\n\n<p>Enquanto aguarda um posicionamento oficial do zagueiro, o clube tenta se proteger nos bastidores. A diretoria j\u00e1 enviou tr\u00eas notifica\u00e7\u00f5es formais solicitando o retorno imediato do defensor ao Brasil.<\/p>\n\n\n\n<h2 class=\"wp-block-heading\">Refor\u00e7o para o ataque do S\u00e3o Paulo<\/h2>\n\n\n\n<p>No ataque, o clube tamb\u00e9m avalia nomes. Um dos jogadores observados \u00e9 Wesley, que atualmente atua no futebol do Qatar. Houve apenas uma busca inicial por informa\u00e7\u00f5es, sem negocia\u00e7\u00e3o aberta at\u00e9 aqui.<\/p>\n\n\n\n<p>O desempenho do atacante no exterior \u00e9 tratado como um fator que dificulta uma eventual transfer\u00eancia neste momento, j\u00e1 que o bom momento vivido pelo jogador aumentou o interesse e valorizou sua situa\u00e7\u00e3o no mercado.<\/p>\n","protected":false},"excerpt":{"rendered":"<p>O S\u00e3o Paulo j\u00e1 come\u00e7ou a desenhar seus movimentos para a pr\u00f3xima janela de transfer\u00eancias e definiu duas car\u00eancias consideradas priorit\u00e1rias pela comiss\u00e3o t\u00e9cnica e pela diretoria: a contrata\u00e7\u00e3o de um zagueiro e de um atacante para a sequ\u00eancia da temporada. A necessidade de refor\u00e7ar o sistema defensivo ganhou for\u00e7a nos \u00faltimos dias por causa [&hellip;]<\/p>\n","protected":false},"author":2,"featured_media":22913,"comment_status":"open","ping_status":"open","sticky":false,"template":"","format":"standard","meta":{"jnews-multi-image_gallery":[],"jnews_single_post":{"format":"standard"},"jnews_primary_category":[],"jnews_social_meta":[],"jnews_post_split":[],"footnotes":""},"categories":[1],"tags":[],"class_list":["post-24182","post","type-post","status-publish","format-standard","has-post-thumbnail","hentry","category-variedades"],"_links":{"self":[{"href":"https:\/\/diariodaregiao.audiencelabs.com.br\/wp-json\/wp\/v2\/posts\/24182","targetHints":{"allow":["GET"]}}],"collection":[{"href":"https:\/\/diariodaregiao.audiencelabs.com.br\/wp-json\/wp\/v2\/posts"}],"about":[{"href":"https:\/\/diariodaregiao.audiencelabs.com.br\/wp-json\/wp\/v2\/types\/post"}],"author":[{"embeddable":true,"href":"https:\/\/diariodaregiao.audiencelabs.com.br\/wp-json\/wp\/v2\/users\/2"}],"replies":[{"embeddable":true,"href":"https:\/\/diariodaregiao.audiencelabs.com.br\/wp-json\/wp\/v2\/comments?post=24182"}],"version-history":[{"count":1,"href":"https:\/\/diariodaregiao.audiencelabs.com.br\/wp-json\/wp\/v2\/posts\/24182\/revisions"}],"predecessor-version":[{"id":24184,"href":"https:\/\/diariodaregiao.audiencelabs.com.br\/wp-json\/wp\/v2\/posts\/24182\/revisions\/24184"}],"wp:featuredmedia":[{"embeddable":true,"href":"https:\/\/diariodaregiao.audiencelabs.com.br\/wp-json\/wp\/v2\/media\/22913"}],"wp:attachment":[{"href":"https:\/\/diariodaregiao.audiencelabs.com.br\/wp-json\/wp\/v2\/media?parent=24182"}],"wp:term":[{"taxonomy":"category","embeddable":true,"href":"https:\/\/diariodaregiao.audiencelabs.com.br\/wp-json\/wp\/v2\/categories?post=24182"},{"taxonomy":"post_tag","embeddable":true,"href":"https:\/\/diariodaregiao.audiencelabs.com.br\/wp-json\/wp\/v2\/tags?post=24182"}],"curies":[{"name":"wp","href":"https:\/\/api.w.org\/{rel}","templated":true}]}}