{"id":2422,"date":"2025-11-21T17:00:00","date_gmt":"2025-11-21T20:00:00","guid":{"rendered":"https:\/\/diariodaregiao.audiencelabs.com.br\/?p=2422"},"modified":"2025-11-21T16:37:05","modified_gmt":"2025-11-21T19:37:05","slug":"nova-regra-do-governo-vai-cortar-50-do-pis-pasep-dos-trabalhadores","status":"publish","type":"post","link":"https:\/\/diariodaregiao.audiencelabs.com.br\/nova-regra-do-governo-vai-cortar-50-do-pis-pasep-dos-trabalhadores\/","title":{"rendered":"Nova regra do Governo vai cortar 50% do PIS\/Pasep dos trabalhadores"},"content":{"rendered":"\n<p>Em 2026, o Abono Salarial PIS\/Pasep passar\u00e1 a funcionar com novas regras. Hoje, o benef\u00edcio \u00e9 destinado aos trabalhadores que receberam, em m\u00e9dia, at\u00e9 2 sal\u00e1rios m\u00ednimos por m\u00eas no ano-base. Neste ano, por exemplo, teve direito quem ganhou at\u00e9 R$ 2.604 por m\u00eas em 2023, quando o m\u00ednimo era de R$ 1.320.<\/p>\n\n\n\n<p>A mudan\u00e7a prevista para o pr\u00f3ximo ano altera justamente esse limite de renda. Em vez de seguir os dois sal\u00e1rios m\u00ednimos, o teto passar\u00e1 a ser reajustado apenas pelo INPC, o \u00edndice que mede a infla\u00e7\u00e3o para fam\u00edlias de baixa renda. Isso afetar\u00e1 diretamente o n\u00famero de pessoas que poder\u00e3o receber o benef\u00edcio.<\/p>\n\n\n\n<p>Essa altera\u00e7\u00e3o faz parte do pacote fiscal aprovado em 2024, que busca reduzir gastos e manter o programa focado em quem ganha menos. Com o novo c\u00e1lculo, o acesso ao abono ser\u00e1 mais restrito, j\u00e1 que o teto n\u00e3o ir\u00e1 acompanhar o aumento do sal\u00e1rio m\u00ednimo.<\/p>\n\n\n\n<h3 class=\"wp-block-heading\">Como essa mudan\u00e7a vai impactar os trabalhadores<\/h3>\n\n\n\n<p>Segundo especialistas, a expectativa \u00e9 de que o n\u00famero de beneficiados diminua com o tempo. A proje\u00e7\u00e3o \u00e9 de queda entre 30% e 40% nas despesas com o abono j\u00e1 em 2026, podendo chegar a 50% ap\u00f3s dois anos. Assim, menos trabalhadores se enquadrar\u00e3o no novo limite de renda.<\/p>\n\n\n\n<p>Apesar disso, o sal\u00e1rio m\u00ednimo continuar\u00e1 sendo reajustado pelo INPC somado ao crescimento do PIB, com limite de 2,5%. Essa diferen\u00e7a entre os reajustes faz com que o novo teto do PIS\/Pasep fique mais distante do valor equivalente a dois sal\u00e1rios m\u00ednimos. A previs\u00e3o \u00e9 que, futuramente, o limite fique pr\u00f3ximo de um sal\u00e1rio m\u00ednimo e meio.<\/p>\n\n\n\n<p>No calend\u00e1rio de pagamentos de 2025, 26,47 milh\u00f5es de trabalhadores tinham direito ao abono, e mais de 26,3 milh\u00f5es j\u00e1 receberam. At\u00e9 agora, foram pagos R$ 30,6 bilh\u00f5es, o que representa uma cobertura de 99,42% dos benefici\u00e1rios previstos.<\/p>\n\n\n\n<p>Quem trabalha na iniciativa privada recebe o PIS pela Caixa Econ\u00f4mica Federal. J\u00e1 os servidores p\u00fablicos recebem o Pasep, administrado pelo Banco do Brasil. O valor m\u00e1ximo pago \u00e9 de um sal\u00e1rio m\u00ednimo vigente no ano e o calend\u00e1rio de 2026 ser\u00e1 divulgado em dezembro.<\/p>\n\n\n\n<p>Para ter direito ao benef\u00edcio, \u00e9 necess\u00e1rio estar cadastrado no PIS\/Pasep h\u00e1 pelo menos cinco anos, ter trabalhado por 30 dias ou mais no ano-base e ter os dados informados corretamente pelo empregador no eSocial. A consulta pode ser feita na Carteira de Trabalho Digital ou pelo portal Gov.br.<\/p>\n","protected":false},"excerpt":{"rendered":"<p>Em 2026, o Abono Salarial PIS\/Pasep passar\u00e1 a funcionar com novas regras. Hoje, o benef\u00edcio \u00e9 destinado aos trabalhadores que receberam, em m\u00e9dia, at\u00e9 2 sal\u00e1rios m\u00ednimos por m\u00eas no ano-base. Neste ano, por exemplo, teve direito quem ganhou at\u00e9 R$ 2.604 por m\u00eas em 2023, quando o m\u00ednimo era de R$ 1.320. A mudan\u00e7a [&hellip;]<\/p>\n","protected":false},"author":2,"featured_media":2424,"comment_status":"open","ping_status":"open","sticky":false,"template":"","format":"standard","meta":{"jnews-multi-image_gallery":[],"jnews_single_post":{"format":"standard"},"jnews_primary_category":[],"jnews_social_meta":[],"jnews_post_split":[],"footnotes":""},"categories":[1],"tags":[],"class_list":["post-2422","post","type-post","status-publish","format-standard","has-post-thumbnail","hentry","category-variedades"],"_links":{"self":[{"href":"https:\/\/diariodaregiao.audiencelabs.com.br\/wp-json\/wp\/v2\/posts\/2422","targetHints":{"allow":["GET"]}}],"collection":[{"href":"https:\/\/diariodaregiao.audiencelabs.com.br\/wp-json\/wp\/v2\/posts"}],"about":[{"href":"https:\/\/diariodaregiao.audiencelabs.com.br\/wp-json\/wp\/v2\/types\/post"}],"author":[{"embeddable":true,"href":"https:\/\/diariodaregiao.audiencelabs.com.br\/wp-json\/wp\/v2\/users\/2"}],"replies":[{"embeddable":true,"href":"https:\/\/diariodaregiao.audiencelabs.com.br\/wp-json\/wp\/v2\/comments?post=2422"}],"version-history":[{"count":1,"href":"https:\/\/diariodaregiao.audiencelabs.com.br\/wp-json\/wp\/v2\/posts\/2422\/revisions"}],"predecessor-version":[{"id":2425,"href":"https:\/\/diariodaregiao.audiencelabs.com.br\/wp-json\/wp\/v2\/posts\/2422\/revisions\/2425"}],"wp:featuredmedia":[{"embeddable":true,"href":"https:\/\/diariodaregiao.audiencelabs.com.br\/wp-json\/wp\/v2\/media\/2424"}],"wp:attachment":[{"href":"https:\/\/diariodaregiao.audiencelabs.com.br\/wp-json\/wp\/v2\/media?parent=2422"}],"wp:term":[{"taxonomy":"category","embeddable":true,"href":"https:\/\/diariodaregiao.audiencelabs.com.br\/wp-json\/wp\/v2\/categories?post=2422"},{"taxonomy":"post_tag","embeddable":true,"href":"https:\/\/diariodaregiao.audiencelabs.com.br\/wp-json\/wp\/v2\/tags?post=2422"}],"curies":[{"name":"wp","href":"https:\/\/api.w.org\/{rel}","templated":true}]}}