{"id":2441,"date":"2025-11-23T15:40:00","date_gmt":"2025-11-23T18:40:00","guid":{"rendered":"https:\/\/diariodaregiao.audiencelabs.com.br\/?p=2441"},"modified":"2025-11-21T18:05:07","modified_gmt":"2025-11-21T21:05:07","slug":"governo-decide-pelo-fechamento-de-6-universidades-para-2025-neste-pais","status":"publish","type":"post","link":"https:\/\/diariodaregiao.audiencelabs.com.br\/governo-decide-pelo-fechamento-de-6-universidades-para-2025-neste-pais\/","title":{"rendered":"Governo decide pelo fechamento de 6 universidades para 2025 neste pa\u00eds"},"content":{"rendered":"\n<p>O Governo peruano aprovou o encerramento de v\u00e1rias universidades ap\u00f3s avalia\u00e7\u00f5es que identificaram falhas graves. A medida busca elevar a qualidade acad\u00eamica e proteger milhares de estudantes.<\/p>\n\n\n\n<p>As institui\u00e7\u00f5es tiveram suas licen\u00e7as rejeitadas por n\u00e3o atender \u00e0s condi\u00e7\u00f5es b\u00e1sicas exigidas. As inspe\u00e7\u00f5es revelaram problemas estruturais repetidos, indicando um cen\u00e1rio educacional fr\u00e1gil em diferentes regi\u00f5es.<\/p>\n\n\n\n<figure class=\"wp-block-image size-large\"><img loading=\"lazy\" decoding=\"async\" width=\"1024\" height=\"768\" src=\"https:\/\/diariodaregiao.audiencelabs.com.br\/wp-content\/uploads\/2025\/11\/enes-aktas-tR05vRFVa-4-unsplash-1024x768.jpg\" alt=\"\" class=\"wp-image-2451\" srcset=\"https:\/\/diariodaregiao.audiencelabs.com.br\/wp-content\/uploads\/2025\/11\/enes-aktas-tR05vRFVa-4-unsplash-1024x768.jpg 1024w, https:\/\/diariodaregiao.audiencelabs.com.br\/wp-content\/uploads\/2025\/11\/enes-aktas-tR05vRFVa-4-unsplash-300x225.jpg 300w, https:\/\/diariodaregiao.audiencelabs.com.br\/wp-content\/uploads\/2025\/11\/enes-aktas-tR05vRFVa-4-unsplash-768x576.jpg 768w, https:\/\/diariodaregiao.audiencelabs.com.br\/wp-content\/uploads\/2025\/11\/enes-aktas-tR05vRFVa-4-unsplash-1536x1152.jpg 1536w, https:\/\/diariodaregiao.audiencelabs.com.br\/wp-content\/uploads\/2025\/11\/enes-aktas-tR05vRFVa-4-unsplash-750x563.jpg 750w, https:\/\/diariodaregiao.audiencelabs.com.br\/wp-content\/uploads\/2025\/11\/enes-aktas-tR05vRFVa-4-unsplash-1140x855.jpg 1140w, https:\/\/diariodaregiao.audiencelabs.com.br\/wp-content\/uploads\/2025\/11\/enes-aktas-tR05vRFVa-4-unsplash.jpg 1920w\" sizes=\"auto, (max-width: 1024px) 100vw, 1024px\" \/><figcaption class=\"wp-element-caption\">Cr\u00e9ditos: Foto de Enes Aktas na Unsplash<\/figcaption><\/figure>\n\n\n\n<h2 class=\"wp-block-heading\">Infraestrutura insuficiente e falhas recorrentes<\/h2>\n\n\n<style>@media (min-width: 992px) {\n    .recomendadorV2Area1 {\n        width: 280px;\n    }\n    .recomendadorV2Area2 {\n        padding: 0px 20px;\n        width: calc(100% - 280px);\n    }\n}\n\n@media (max-width: 992px) {\n    .recomendadorV2Button {\n        margin: 0 auto;\n    }\n    .recomendadorV2Area {\n        flex-direction: column;\n        text-align: center;\n    }\n    .recomendadorV2Area2 {\n        padding: 0px 20px;\n    }\n}\n\n.recomendadorV2Area {\n    background: #eeeeee3d;\n    border-radius: 10px;\n    padding: 15px;\n    display: flex;\n    margin: 15px auto;\n    border: 1px solid #00000014;\n    max-width: 800px;\n}\n\n.recomendadorV2Area1 img {\n    width: 280px;\n    height: auto;\n    border-radius: 8px;\n}\n\n.linkrecomendadorv2 {\n    text-decoration: none !important;\n}\n\n.recomendadorV2Area2 .recomendadorV2Type {\n    text-transform: uppercase;\n    font-weight: 500;\n    font-size: 11px;\n    letter-spacing: 2px;\n    color: #666;\n    margin: 12px 0;\n    display: block;\n}\n\n.recomendadorV2Title h2 {\n    padding-top: 0px !important;\n    margin: 0px !important;\n    border-left: none !important;\n    padding-left: 0px !important;\n    line-height: 1.3;\n    color: #000 !important;\n    font-size: 24px;\n    margin-bottom: 12px !important;\n}\n\n.recomendadorV2Desc {\n    color: #333;\n    margin: 12px 0px !important;\n    font-size: 15px;\n    line-height: 1.5;\n}\n\n.recomendadorV2Button {\n    width: auto;\n    max-width: 200px;\n    margin: 0;\n    display: inline-flex;\n    align-items: center;\n    background: #1D3557;\n    border-radius: 8px;\n    color: #fff;\n    height: 36px;\n    justify-content: center;\n    text-align: center;\n    font-size: 14px;\n    padding: 0 20px;\n    transition: background-color 0.2s ease;\n}\n\n.recomendadorV2Button:hover {\n    background: #2a4d7a;\n}\n\n.recomendadorV2Button:after {\n    margin-top: -2px;\n    content: \"\u2192\";\n    padding: 0px 0px 0px 8px;\n}\n\n.recomendadorV2Alert {\n    text-align: left;\n    font-size: 11px;\n    margin-top: 8px;\n    color: #666;\n}\n\n.recomendadorFixedArea {\n    width: 100%;\n    display: flex;\n    justify-content: center;\n    align-items: center;\n}\n\n@media (min-width: 992px) {\n    #recomendadorFixed {\n        width: 32% !important;\n        left: 5%;\n    }\n    .recomendadorCloseFixed{\n        right: inherit !important;\n        left: 378px !important;\n    }\n}\n\n#recomendadorFixed {\n    width: 90%;\n    box-shadow: 0 10px 20px 0px #00000057;\n    display: none;\n    height: 90px;\n    background: #F6F6F6;\n    position: fixed;\n    flex-direction: row;\n    bottom: 10px;\n    z-index: 9999;\n    border-radius: 16px;\n    padding: 7px 10px;\n}\n\n.recomendadorLeftArea {\n    width: 160px;\n}\n\n.recomendadorRightArea h2 {\n    padding-top: 0px;\n    margin: 2px 0px 4px 0px !important;\n    font-weight: 400;\n    text-align: center;\n    padding-left: 0px !important;\n    color: #000 !important;\n    border-left: none !important;\n    line-height: 20px;\n    font-size: 12px !important;\n}\n\n.recomendadorImgFixed {\n    overflow: hidden;\n    padding: 8px 6px;\n    height: 100%;\n}\n\n.recomendadorImgFixed img {\n    height: 100% !important;\n    border-radius: 16px;\n}\n\n.recomendadorRightArea {\n    padding-top: 6px;\n    display: flex;\n    width: calc(100% - 130px);\n    justify-content: space-between;\n    align-items: center;\n    flex-direction: column;\n}\n\n.recomendadorButtonFixed {\n    margin: 0 auto;\n    background: #1D3557;\n    width: 80%;\n    text-align: center;\n    font-size: 10px;\n    color: #FFF;\n    padding: 2px 10px;\n    border-radius: 3px;\n}\n\n.recomendadorButtonFixed:after {\n    margin-top: -3px;\n    content: \"\u2192\";\n    padding: 0px 0px 0px 10px;\n}\n\n.recomendadorAlertFixed {\n    font-weight: 400;\n    text-align: center;\n    color: #484848;\n    font-size: 8px;\n}\n\n.recomendadorCloseFixed {\n    z-index: 99999;\n    display: none;\n    right: 0px;\n    left: inherit;\n    bottom: 99px;\n    position: fixed;\n    justify-content: center;\n    background: #F6F6F6;\n    width: 25px;\n    align-items: center;\n    height: 25px;\n    font-weight: 800;\n    border-radius: 50%;\n    border: 1px solid #EBEBEB;\n}\n\n.recomendadorV2Desc{\n    color: #000000;\n    margin: 20px 0px;\n}\n\n@media (max-width: 576px) {\n    .recomendadorV2Area {\n      padding: 10px;\n      max-width: 100%;\n    }\n  \n    .recomendadorV2Area1 img {\n      width: 100%;\n      border-radius: 6px;\n    }\n  \n    .recomendadorV2Area2 .recomendadorV2Type {\n      font-size: 9px;\n      letter-spacing: 1px;\n      margin: 8px 0;\n    }\n  \n    .recomendadorV2Title h2 {\n      font-size: 18px !important;\n      margin-bottom: 8px !important;\n      line-height: 1.2;\n    }\n  \n    .recomendadorV2Desc {\n      font-size: 14px;\n      margin: 8px 0 !important;\n      line-height: 1.4;\n    }\n  \n    .recomendadorV2Button {\n      font-size: 12px;\n      height: 30px;\n      padding: 0 12px;\n      max-width: 160px;\n    }\n  \n    .recomendadorV2Button:after {\n      padding-left: 6px;\n    }\n  }\n  <\/style>\n        <div class=\"lazyblock-recomendador-v2-2jDGz wp-block-lazyblock-recomendador-v2\">\n        <a class=\"linkrecomendadorv2\" href=\"https:\/\/diariodaregiao.com.br\/variedades\/ex-prefeita-e-condenada-a-ficar-presa-ate-o-final-da-sua-vida-por-golpes-digitais-e-trafico-humano\/?utm_source=lazy\" target=\"_blank\" rel=\"noopener\">\n            <div class=\"recomendadorV2Area\">\n            <div class=\"recomendadorV2Area1\">\n                <div class=\"recomendadorV2Img\">\n                <img class=\"lazyloaded\" decoding=\"async\" src=\"https:\/\/diariodaregiao.com.br\/variedades\/wp-content\/uploads\/2025\/11\/matthew-ansley-ihl2Q5F-VYA-unsplash-1140x570.jpg\" data-src=\"https:\/\/diariodaregiao.com.br\/variedades\/wp-content\/uploads\/2025\/11\/matthew-ansley-ihl2Q5F-VYA-unsplash-1140x570.jpg\" alt=\"\">\n                <\/div>\n            <\/div>\n            <div class=\"recomendadorV2Area2\">\n                <div class=\"recomendadorV2Type\">\n                    <span>DR Variedades<\/span>\n                <\/div>\n                <div class=\"recomendadorV2Title\">\n                <h2><span>Caso chocante de tr\u00e1fico humano \ud83d\ude31<\/span><\/h2>\n                <\/div>\n                <div class=\"recomendadorV2Desc\">\n                <span>Ex-prefeita \u00e9 condenada \u00e0 pris\u00e3o perp\u00e9tua<\/span>\n                <\/div>\n                <div class=\"recomendadorV2Button\">Leia agora<\/div>\n                <div class=\"recomendadorV2Alert\"><\/div>\n            <\/div>\n            <\/div>\n        <\/a>\n        <div>\n            <div style=\"z-index:99999;\" id=\"buttonClose\" onclick=\"closeRecomendadorFixed()\">\n            <div class=\"recomendadorCloseFixed\">X<\/div>\n            <\/div>\n            <a href=\"https:\/\/diariodaregiao.com.br\/variedades\/ex-prefeita-e-condenada-a-ficar-presa-ate-o-final-da-sua-vida-por-golpes-digitais-e-trafico-humano\/?utm_source=lazy\" target=\"_blank\" rel=\"noopener\">\n            <div class=\"recomendadorFixedArea\">\n                <div id=\"recomendadorFixed\">\n                <div class=\"recomendadorLeftArea\">\n                    <div class=\"recomendadorImgFixed\">\n                    <img class=\"lazyload\" decoding=\"async\" src=\"https:\/\/diariodaregiao.com.br\/variedades\/wp-content\/uploads\/2025\/11\/matthew-ansley-ihl2Q5F-VYA-unsplash-1140x570.jpg\" alt=\"\">\n                    <\/div>\n                <\/div>\n                <div class=\"recomendadorRightArea\">\n                    <div class=\"recomendadorTitleFixed\">\n                    <h2><span>Caso chocante de tr\u00e1fico humano \ud83d\ude31<\/span><\/h2>\n                    <\/div>\n                    <div class=\"recomendadorButtonFixed\">Leia agora<\/div>\n                    <div class=\"recomendadorAlertFixed\"><\/div>\n                <\/div>\n                <\/div>\n            <\/div>\n            <\/a>\n        <\/div>\n        <\/div>\n\n\n\n<p>Os relat\u00f3rios mostraram que muitas universidades operavam sem salas adequadas para aulas. Havia blocos inacabados, ventila\u00e7\u00e3o prec\u00e1ria e limite no acesso a servi\u00e7os b\u00e1sicos essenciais ao ensino.<\/p>\n\n\n\n<p>Tamb\u00e9m foram observados laborat\u00f3rios sem equipamentos m\u00ednimos para atividades pr\u00e1ticas. A falta de seguran\u00e7a nessas \u00e1reas foi destacada, criando riscos reais para alunos e trabalhadores administrativos.<\/p>\n\n\n\n<p>Outro aspecto cr\u00edtico foi a instabilidade no fornecimento de \u00e1gua, telefone e internet. Essas falhas afetaram diretamente o funcionamento di\u00e1rio, dificultando at\u00e9 atividades simples como aulas remotas.<\/p>\n\n\n\n<h2 class=\"wp-block-heading\">Pesquisa limitada e pouca produ\u00e7\u00e3o acad\u00eamica<\/h2>\n\n\n\n<p>A Sunedu identificou que diversas institui\u00e7\u00f5es n\u00e3o possu\u00edam comit\u00eas cient\u00edficos ativos. Elas tinham centros de pesquisa apenas no papel e apresentavam baixo envolvimento de seus docentes em projetos relevantes.<\/p>\n\n\n\n<p>Em muitos casos, menos de 10% do or\u00e7amento destinado \u00e0 pesquisa foi utilizado. O resultado foi uma produ\u00e7\u00e3o acad\u00eamica m\u00ednima, que n\u00e3o atingiu padr\u00f5es nacionais e muito menos internacionais.<\/p>\n\n\n\n<p>As pol\u00edticas internas de incentivo \u00e0 investiga\u00e7\u00e3o tamb\u00e9m eram quase inexistentes. Projetos foram aprovados sem crit\u00e9rios t\u00e9cnicos e v\u00e1rios nunca chegaram a ser conclu\u00eddos, revelando forte desorganiza\u00e7\u00e3o.<\/p>\n\n\n\n<h2 class=\"wp-block-heading\">Universidades que deixar\u00e3o de funcionar<\/h2>\n\n\n\n<p>Entre as institui\u00e7\u00f5es que encerrar\u00e3o as atividades est\u00e3o UAP, UJCM, UPCI, UCP, San Carlos e UANCV. Cada uma seguir\u00e1 um cronograma espec\u00edfico de fechamento ao longo do ano de 2025.<\/p>\n\n\n\n<p>A Sunedu afirma que acompanhar\u00e1 a situa\u00e7\u00e3o dos estudantes durante o processo. O objetivo \u00e9 garantir que todos tenham condi\u00e7\u00f5es de migrar para universidades regulares e concluir seus cursos com seguran\u00e7a.<\/p>\n","protected":false},"excerpt":{"rendered":"<p>O Governo peruano aprovou o encerramento de v\u00e1rias universidades ap\u00f3s avalia\u00e7\u00f5es que identificaram falhas graves. A medida busca elevar a qualidade acad\u00eamica e proteger milhares de estudantes. As institui\u00e7\u00f5es tiveram suas licen\u00e7as rejeitadas por n\u00e3o atender \u00e0s condi\u00e7\u00f5es b\u00e1sicas exigidas. As inspe\u00e7\u00f5es revelaram problemas estruturais repetidos, indicando um cen\u00e1rio educacional fr\u00e1gil em diferentes regi\u00f5es. Infraestrutura [&hellip;]<\/p>\n","protected":false},"author":5,"featured_media":2447,"comment_status":"open","ping_status":"open","sticky":false,"template":"","format":"standard","meta":{"jnews-multi-image_gallery":[],"jnews_single_post":{"format":"standard"},"jnews_primary_category":[],"jnews_social_meta":[],"jnews_post_split":[],"footnotes":""},"categories":[1],"tags":[],"class_list":["post-2441","post","type-post","status-publish","format-standard","has-post-thumbnail","hentry","category-variedades"],"_links":{"self":[{"href":"https:\/\/diariodaregiao.audiencelabs.com.br\/wp-json\/wp\/v2\/posts\/2441","targetHints":{"allow":["GET"]}}],"collection":[{"href":"https:\/\/diariodaregiao.audiencelabs.com.br\/wp-json\/wp\/v2\/posts"}],"about":[{"href":"https:\/\/diariodaregiao.audiencelabs.com.br\/wp-json\/wp\/v2\/types\/post"}],"author":[{"embeddable":true,"href":"https:\/\/diariodaregiao.audiencelabs.com.br\/wp-json\/wp\/v2\/users\/5"}],"replies":[{"embeddable":true,"href":"https:\/\/diariodaregiao.audiencelabs.com.br\/wp-json\/wp\/v2\/comments?post=2441"}],"version-history":[{"count":4,"href":"https:\/\/diariodaregiao.audiencelabs.com.br\/wp-json\/wp\/v2\/posts\/2441\/revisions"}],"predecessor-version":[{"id":4243,"href":"https:\/\/diariodaregiao.audiencelabs.com.br\/wp-json\/wp\/v2\/posts\/2441\/revisions\/4243"}],"wp:featuredmedia":[{"embeddable":true,"href":"https:\/\/diariodaregiao.audiencelabs.com.br\/wp-json\/wp\/v2\/media\/2447"}],"wp:attachment":[{"href":"https:\/\/diariodaregiao.audiencelabs.com.br\/wp-json\/wp\/v2\/media?parent=2441"}],"wp:term":[{"taxonomy":"category","embeddable":true,"href":"https:\/\/diariodaregiao.audiencelabs.com.br\/wp-json\/wp\/v2\/categories?post=2441"},{"taxonomy":"post_tag","embeddable":true,"href":"https:\/\/diariodaregiao.audiencelabs.com.br\/wp-json\/wp\/v2\/tags?post=2441"}],"curies":[{"name":"wp","href":"https:\/\/api.w.org\/{rel}","templated":true}]}}