{"id":2528,"date":"2025-11-24T12:40:00","date_gmt":"2025-11-24T15:40:00","guid":{"rendered":"https:\/\/diariodaregiao.audiencelabs.com.br\/?p=2528"},"modified":"2025-12-04T10:09:24","modified_gmt":"2025-12-04T13:09:24","slug":"caixa-tem-libera-r-200-para-32-milhoes-de-jovens-de-14-a-24-anos","status":"publish","type":"post","link":"https:\/\/diariodaregiao.audiencelabs.com.br\/caixa-tem-libera-r-200-para-32-milhoes-de-jovens-de-14-a-24-anos\/","title":{"rendered":"Caixa Tem libera R$ 200 para 3,2 milh\u00f5es de jovens de 14 a 24 anos"},"content":{"rendered":"\n<p>Estudantes de baixa renda do ensino m\u00e9dio da rede p\u00fablica est\u00e3o prestes a receber mais uma parcela do programa P\u00e9-de-Meia 2025. A partir de 31 de mar\u00e7o de 2025, a Caixa Econ\u00f4mica Federal iniciou os dep\u00f3sitos do Incentivo Matr\u00edcula, seguido do Incentivo Frequ\u00eancia em 25 de agosto. <\/p>\n\n\n\n<p>Essa iniciativa visa garantir a perman\u00eancia desses alunos nas escolas p\u00fablicas do Brasil, incentivando a conclus\u00e3o do ensino m\u00e9dio. Os pagamentos contemplam alunos cadastrados no Cadastro \u00danico para Programas Sociais do Governo. O cronograma \u00e9 organizado de acordo com o m\u00eas de nascimento dos estudantes. <\/p>\n\n\n\n<p>Aqueles nascidos em janeiro e fevereiro j\u00e1 receberam o dep\u00f3sito de R$ 200 no dia 24 de novembro. De acordo com a Caixa, cerca de 3,4 milh\u00f5es de alunos ser\u00e3o beneficiados com esse incentivo que se estende at\u00e9 2 de dezembro. Estudantes maiores de idade t\u00eam acesso direto ao valor, enquanto os menores precisam da autoriza\u00e7\u00e3o dos respons\u00e1veis para a movimenta\u00e7\u00e3o.<\/p>\n\n\n\n<figure class=\"wp-block-image size-large\"><img loading=\"lazy\" decoding=\"async\" width=\"1024\" height=\"613\" src=\"https:\/\/diariodaregiao.audiencelabs.com.br\/wp-content\/uploads\/2025\/11\/0d4a4675_0-1024x613.webp\" alt=\"\" class=\"wp-image-2541\" srcset=\"https:\/\/diariodaregiao.audiencelabs.com.br\/wp-content\/uploads\/2025\/11\/0d4a4675_0-1024x613.webp 1024w, https:\/\/diariodaregiao.audiencelabs.com.br\/wp-content\/uploads\/2025\/11\/0d4a4675_0-300x179.webp 300w, https:\/\/diariodaregiao.audiencelabs.com.br\/wp-content\/uploads\/2025\/11\/0d4a4675_0-768x459.webp 768w, https:\/\/diariodaregiao.audiencelabs.com.br\/wp-content\/uploads\/2025\/11\/0d4a4675_0-750x449.webp 750w, https:\/\/diariodaregiao.audiencelabs.com.br\/wp-content\/uploads\/2025\/11\/0d4a4675_0-1140x682.webp 1140w, https:\/\/diariodaregiao.audiencelabs.com.br\/wp-content\/uploads\/2025\/11\/0d4a4675_0.webp 1170w\" sizes=\"auto, (max-width: 1024px) 100vw, 1024px\" \/><figcaption class=\"wp-element-caption\">Cr\u00e9ditos: Ant\u00f4nio Cruz\/Ag\u00eancia Brasil<\/figcaption><\/figure>\n\n\n\n<h3 class=\"wp-block-heading\">Datas dos Pagamentos<\/h3>\n\n\n\n<ul class=\"wp-block-list\">\n<li>24\/11: nascidos em janeiro e fevereiro;<\/li>\n\n\n\n<li>25\/11: nascidos em mar\u00e7o e abril;<\/li>\n\n\n\n<li>26\/11: nascidos em maio e junho;<\/li>\n\n\n\n<li>27\/11: nascidos em julho e agosto;<\/li>\n\n\n\n<li>28\/11: nascidos em setembro e outubro;<\/li>\n\n\n\n<li>02\/12: nascidos em novembro e dezembro.<\/li>\n<\/ul>\n\n\n\n<h2 class=\"wp-block-heading\">Facilidades na Gest\u00e3o dos Benef\u00edcios<\/h2>\n\n\n<style>@media (min-width: 992px) {\n    .recomendadorV2Area1 {\n        width: 280px;\n    }\n    .recomendadorV2Area2 {\n        padding: 0px 20px;\n        width: calc(100% - 280px);\n    }\n}\n\n@media (max-width: 992px) {\n    .recomendadorV2Button {\n        margin: 0 auto;\n    }\n    .recomendadorV2Area {\n        flex-direction: column;\n        text-align: center;\n    }\n    .recomendadorV2Area2 {\n        padding: 0px 20px;\n    }\n}\n\n.recomendadorV2Area {\n    background: #eeeeee3d;\n    border-radius: 10px;\n    padding: 15px;\n    display: flex;\n    margin: 15px auto;\n    border: 1px solid #00000014;\n    max-width: 800px;\n}\n\n.recomendadorV2Area1 img {\n    width: 280px;\n    height: auto;\n    border-radius: 8px;\n}\n\n.linkrecomendadorv2 {\n    text-decoration: none !important;\n}\n\n.recomendadorV2Area2 .recomendadorV2Type {\n    text-transform: uppercase;\n    font-weight: 500;\n    font-size: 11px;\n    letter-spacing: 2px;\n    color: #666;\n    margin: 12px 0;\n    display: block;\n}\n\n.recomendadorV2Title h2 {\n    padding-top: 0px !important;\n    margin: 0px !important;\n    border-left: none !important;\n    padding-left: 0px !important;\n    line-height: 1.3;\n    color: #000 !important;\n    font-size: 24px;\n    margin-bottom: 12px !important;\n}\n\n.recomendadorV2Desc {\n    color: #333;\n    margin: 12px 0px !important;\n    font-size: 15px;\n    line-height: 1.5;\n}\n\n.recomendadorV2Button {\n    width: auto;\n    max-width: 200px;\n    margin: 0;\n    display: inline-flex;\n    align-items: center;\n    background: #1D3557;\n    border-radius: 8px;\n    color: #fff;\n    height: 36px;\n    justify-content: center;\n    text-align: center;\n    font-size: 14px;\n    padding: 0 20px;\n    transition: background-color 0.2s ease;\n}\n\n.recomendadorV2Button:hover {\n    background: #2a4d7a;\n}\n\n.recomendadorV2Button:after {\n    margin-top: -2px;\n    content: \"\u2192\";\n    padding: 0px 0px 0px 8px;\n}\n\n.recomendadorV2Alert {\n    text-align: left;\n    font-size: 11px;\n    margin-top: 8px;\n    color: #666;\n}\n\n.recomendadorFixedArea {\n    width: 100%;\n    display: flex;\n    justify-content: center;\n    align-items: center;\n}\n\n@media (min-width: 992px) {\n    #recomendadorFixed {\n        width: 32% !important;\n        left: 5%;\n    }\n    .recomendadorCloseFixed{\n        right: inherit !important;\n        left: 378px !important;\n    }\n}\n\n#recomendadorFixed {\n    width: 90%;\n    box-shadow: 0 10px 20px 0px #00000057;\n    display: none;\n    height: 90px;\n    background: #F6F6F6;\n    position: fixed;\n    flex-direction: row;\n    bottom: 10px;\n    z-index: 9999;\n    border-radius: 16px;\n    padding: 7px 10px;\n}\n\n.recomendadorLeftArea {\n    width: 160px;\n}\n\n.recomendadorRightArea h2 {\n    padding-top: 0px;\n    margin: 2px 0px 4px 0px !important;\n    font-weight: 400;\n    text-align: center;\n    padding-left: 0px !important;\n    color: #000 !important;\n    border-left: none !important;\n    line-height: 20px;\n    font-size: 12px !important;\n}\n\n.recomendadorImgFixed {\n    overflow: hidden;\n    padding: 8px 6px;\n    height: 100%;\n}\n\n.recomendadorImgFixed img {\n    height: 100% !important;\n    border-radius: 16px;\n}\n\n.recomendadorRightArea {\n    padding-top: 6px;\n    display: flex;\n    width: calc(100% - 130px);\n    justify-content: space-between;\n    align-items: center;\n    flex-direction: column;\n}\n\n.recomendadorButtonFixed {\n    margin: 0 auto;\n    background: #1D3557;\n    width: 80%;\n    text-align: center;\n    font-size: 10px;\n    color: #FFF;\n    padding: 2px 10px;\n    border-radius: 3px;\n}\n\n.recomendadorButtonFixed:after {\n    margin-top: -3px;\n    content: \"\u2192\";\n    padding: 0px 0px 0px 10px;\n}\n\n.recomendadorAlertFixed {\n    font-weight: 400;\n    text-align: center;\n    color: #484848;\n    font-size: 8px;\n}\n\n.recomendadorCloseFixed {\n    z-index: 99999;\n    display: none;\n    right: 0px;\n    left: inherit;\n    bottom: 99px;\n    position: fixed;\n    justify-content: center;\n    background: #F6F6F6;\n    width: 25px;\n    align-items: center;\n    height: 25px;\n    font-weight: 800;\n    border-radius: 50%;\n    border: 1px solid #EBEBEB;\n}\n\n.recomendadorV2Desc{\n    color: #000000;\n    margin: 20px 0px;\n}\n\n@media (max-width: 576px) {\n    .recomendadorV2Area {\n      padding: 10px;\n      max-width: 100%;\n    }\n  \n    .recomendadorV2Area1 img {\n      width: 100%;\n      border-radius: 6px;\n    }\n  \n    .recomendadorV2Area2 .recomendadorV2Type {\n      font-size: 9px;\n      letter-spacing: 1px;\n      margin: 8px 0;\n    }\n  \n    .recomendadorV2Title h2 {\n      font-size: 18px !important;\n      margin-bottom: 8px !important;\n      line-height: 1.2;\n    }\n  \n    .recomendadorV2Desc {\n      font-size: 14px;\n      margin: 8px 0 !important;\n      line-height: 1.4;\n    }\n  \n    .recomendadorV2Button {\n      font-size: 12px;\n      height: 30px;\n      padding: 0 12px;\n      max-width: 160px;\n    }\n  \n    .recomendadorV2Button:after {\n      padding-left: 6px;\n    }\n  }\n  <\/style>\n        <div class=\"lazyblock-recomendador-v2-2jDGz wp-block-lazyblock-recomendador-v2\">\n        <a class=\"linkrecomendadorv2\" href=\"https:\/\/diariodaregiao.com.br\/variedades\/governo-decretou-o-congelamento-das-contas-bancarias-de-quem-esta-devendo-dinheiro-neste-pais\/?utm_source=lazy\" target=\"_blank\" rel=\"noopener\">\n            <div class=\"recomendadorV2Area\">\n            <div class=\"recomendadorV2Area1\">\n                <div class=\"recomendadorV2Img\">\n                <img class=\"lazyloaded\" decoding=\"async\" src=\"https:\/\/diariodaregiao.com.br\/variedades\/wp-content\/uploads\/2025\/11\/towfiqu-barbhuiya-3aGZ7a97qwA-unsplash-1140x570.jpg\" data-src=\"https:\/\/diariodaregiao.com.br\/variedades\/wp-content\/uploads\/2025\/11\/towfiqu-barbhuiya-3aGZ7a97qwA-unsplash-1140x570.jpg\" alt=\"\">\n                <\/div>\n            <\/div>\n            <div class=\"recomendadorV2Area2\">\n                <div class=\"recomendadorV2Type\">\n                    <span>Alerta Banc\u00e1rio<\/span>\n                <\/div>\n                <div class=\"recomendadorV2Title\">\n                <h2><span>Contas congeladas \ud83e\uddca<\/span><\/h2>\n                <\/div>\n                <div class=\"recomendadorV2Desc\">\n                <span>Governo define bloqueio para quem tem d\u00edvidas<\/span>\n                <\/div>\n                <div class=\"recomendadorV2Button\">Entenda agora<\/div>\n                <div class=\"recomendadorV2Alert\"><\/div>\n            <\/div>\n            <\/div>\n        <\/a>\n        <div>\n            <div style=\"z-index:99999;\" id=\"buttonClose\" onclick=\"closeRecomendadorFixed()\">\n            <div class=\"recomendadorCloseFixed\">X<\/div>\n            <\/div>\n            <a href=\"https:\/\/diariodaregiao.com.br\/variedades\/governo-decretou-o-congelamento-das-contas-bancarias-de-quem-esta-devendo-dinheiro-neste-pais\/?utm_source=lazy\" target=\"_blank\" rel=\"noopener\">\n            <div class=\"recomendadorFixedArea\">\n                <div id=\"recomendadorFixed\">\n                <div class=\"recomendadorLeftArea\">\n                    <div class=\"recomendadorImgFixed\">\n                    <img class=\"lazyload\" decoding=\"async\" src=\"https:\/\/diariodaregiao.com.br\/variedades\/wp-content\/uploads\/2025\/11\/towfiqu-barbhuiya-3aGZ7a97qwA-unsplash-1140x570.jpg\" alt=\"\">\n                    <\/div>\n                <\/div>\n                <div class=\"recomendadorRightArea\">\n                    <div class=\"recomendadorTitleFixed\">\n                    <h2><span>Contas congeladas \ud83e\uddca<\/span><\/h2>\n                    <\/div>\n                    <div class=\"recomendadorButtonFixed\">Entenda agora<\/div>\n                    <div class=\"recomendadorAlertFixed\"><\/div>\n                <\/div>\n                <\/div>\n            <\/div>\n            <\/a>\n        <\/div>\n        <\/div>\n\n\n\n<p>Para simplificar o acesso aos recursos do programa, o aplicativo Caixa Tem tornou-se uma ferramenta essencial. A inscri\u00e7\u00e3o \u00e9 autom\u00e1tica e uma conta \u00e9 aberta em nome dos estudantes eleg\u00edveis. <\/p>\n\n\n\n<p>Quem quiser, al\u00e9m disso, pode solicitar um cart\u00e3o f\u00edsico, tamb\u00e9m sem custo, aumentando as formas de uso dos valores. Os saques podem ser realizados usando a biometria cadastrada, dispensando a necessidade do cart\u00e3o f\u00edsico.<\/p>\n\n\n\n<h2 class=\"wp-block-heading\">Incentivos Extras e Acompanhamento do Programa<\/h2>\n\n\n\n<p>O programa P\u00e9-de-Meia oferece diversos incentivos. Al\u00e9m do incentivo-frequ\u00eancia, h\u00e1 o incentivo-conclus\u00e3o e o incentivo-Enem. Participar do Exame Nacional do Ensino M\u00e9dio (Enem) garante um adicional de R$ 200. <\/p>\n\n\n\n<p>No final do ensino m\u00e9dio, os alunos podem acumular at\u00e9 R$ 9.200. O aplicativo Jornada do Estudante do MEC est\u00e1 dispon\u00edvel para que os alunos acompanhem o recebimento dos incentivos e verifiquem sua elegibilidade.<\/p>\n\n\n\n<h2 class=\"wp-block-heading\">Estrat\u00e9gias Futuras e Compromisso com a Educa\u00e7\u00e3o<\/h2>\n\n\n\n<p>Com a libera\u00e7\u00e3o organizada dos pagamentos, o Governo Federal reafirma seu compromisso em fortalecer a educa\u00e7\u00e3o dos jovens brasileiros. Os dep\u00f3sitos, que se encerram em 2 de dezembro, representam uma medida concreta para garantir que mais estudantes completem sua forma\u00e7\u00e3o acad\u00eamica. <\/p>\n","protected":false},"excerpt":{"rendered":"<p>Estudantes de baixa renda do ensino m\u00e9dio da rede p\u00fablica est\u00e3o prestes a receber mais uma parcela do programa P\u00e9-de-Meia 2025. A partir de 31 de mar\u00e7o de 2025, a Caixa Econ\u00f4mica Federal iniciou os dep\u00f3sitos do Incentivo Matr\u00edcula, seguido do Incentivo Frequ\u00eancia em 25 de agosto. Essa iniciativa visa garantir a perman\u00eancia desses alunos [&hellip;]<\/p>\n","protected":false},"author":8,"featured_media":0,"comment_status":"open","ping_status":"open","sticky":false,"template":"","format":"standard","meta":{"jnews-multi-image_gallery":[],"jnews_single_post":{"format":"standard"},"jnews_primary_category":[],"jnews_social_meta":[],"jnews_post_split":[],"footnotes":""},"categories":[1],"tags":[],"class_list":["post-2528","post","type-post","status-publish","format-standard","hentry","category-variedades"],"_links":{"self":[{"href":"https:\/\/diariodaregiao.audiencelabs.com.br\/wp-json\/wp\/v2\/posts\/2528","targetHints":{"allow":["GET"]}}],"collection":[{"href":"https:\/\/diariodaregiao.audiencelabs.com.br\/wp-json\/wp\/v2\/posts"}],"about":[{"href":"https:\/\/diariodaregiao.audiencelabs.com.br\/wp-json\/wp\/v2\/types\/post"}],"author":[{"embeddable":true,"href":"https:\/\/diariodaregiao.audiencelabs.com.br\/wp-json\/wp\/v2\/users\/8"}],"replies":[{"embeddable":true,"href":"https:\/\/diariodaregiao.audiencelabs.com.br\/wp-json\/wp\/v2\/comments?post=2528"}],"version-history":[{"count":3,"href":"https:\/\/diariodaregiao.audiencelabs.com.br\/wp-json\/wp\/v2\/posts\/2528\/revisions"}],"predecessor-version":[{"id":4392,"href":"https:\/\/diariodaregiao.audiencelabs.com.br\/wp-json\/wp\/v2\/posts\/2528\/revisions\/4392"}],"wp:attachment":[{"href":"https:\/\/diariodaregiao.audiencelabs.com.br\/wp-json\/wp\/v2\/media?parent=2528"}],"wp:term":[{"taxonomy":"category","embeddable":true,"href":"https:\/\/diariodaregiao.audiencelabs.com.br\/wp-json\/wp\/v2\/categories?post=2528"},{"taxonomy":"post_tag","embeddable":true,"href":"https:\/\/diariodaregiao.audiencelabs.com.br\/wp-json\/wp\/v2\/tags?post=2528"}],"curies":[{"name":"wp","href":"https:\/\/api.w.org\/{rel}","templated":true}]}}