{"id":2581,"date":"2025-11-24T20:40:00","date_gmt":"2025-11-24T23:40:00","guid":{"rendered":"https:\/\/diariodaregiao.audiencelabs.com.br\/?p=2581"},"modified":"2025-11-24T17:37:03","modified_gmt":"2025-11-24T20:37:03","slug":"flamengo-prepara-barca-de-saidas-com-5-jogadores-que-seriam-titulares-em-qualquer-outro-time-do-brasil","status":"publish","type":"post","link":"https:\/\/diariodaregiao.audiencelabs.com.br\/flamengo-prepara-barca-de-saidas-com-5-jogadores-que-seriam-titulares-em-qualquer-outro-time-do-brasil\/","title":{"rendered":"Flamengo prepara barca de sa\u00eddas com 5 jogadores que seriam titulares em qualquer outro time do Brasil"},"content":{"rendered":"\n<p>O Flamengo prepara uma forte reestrutura\u00e7\u00e3o para a temporada de 2026 e j\u00e1 admite abrir m\u00e3o de jogadores de peso. A dire\u00e7\u00e3o entende que precisa renovar o plantel com atletas mais jovens.<\/p>\n\n\n\n<p>A avalia\u00e7\u00e3o da c\u00fapula rubro-negra \u00e9 que parte do elenco atual n\u00e3o oferece o dinamismo necess\u00e1rio para um calend\u00e1rio cada vez mais exigente. Por isso, negocia\u00e7\u00f5es envolvendo nomes conhecidos n\u00e3o est\u00e3o descartadas.<\/p>\n\n\n\n<p>O presidente Luiz Eduardo Baptista, o BAP, conduz o processo ao lado do diretor Jos\u00e9 Boto. Ambos defendem que a pr\u00f3xima temporada exige mudan\u00e7as profundas, mesmo que isso gere perdas financeiras.<\/p>\n\n\n\n<figure class=\"wp-block-image size-large\"><img loading=\"lazy\" decoding=\"async\" width=\"1024\" height=\"819\" src=\"https:\/\/diariodaregiao.audiencelabs.com.br\/wp-content\/uploads\/2025\/11\/SnapInsta-Ai_3557639239488793031-1024x819.jpg\" alt=\"\" class=\"wp-image-2583\" srcset=\"https:\/\/diariodaregiao.audiencelabs.com.br\/wp-content\/uploads\/2025\/11\/SnapInsta-Ai_3557639239488793031-1024x819.jpg 1024w, https:\/\/diariodaregiao.audiencelabs.com.br\/wp-content\/uploads\/2025\/11\/SnapInsta-Ai_3557639239488793031-300x240.jpg 300w, https:\/\/diariodaregiao.audiencelabs.com.br\/wp-content\/uploads\/2025\/11\/SnapInsta-Ai_3557639239488793031-768x614.jpg 768w, https:\/\/diariodaregiao.audiencelabs.com.br\/wp-content\/uploads\/2025\/11\/SnapInsta-Ai_3557639239488793031-750x600.jpg 750w, https:\/\/diariodaregiao.audiencelabs.com.br\/wp-content\/uploads\/2025\/11\/SnapInsta-Ai_3557639239488793031.jpg 1080w\" sizes=\"auto, (max-width: 1024px) 100vw, 1024px\" \/><figcaption class=\"wp-element-caption\">Cr\u00e9ditos: Reprodu\u00e7\u00e3o Instagram @filipeluis<\/figcaption><\/figure>\n\n\n\n<h3 class=\"wp-block-heading\">Futuro de Filipe Lu\u00eds segue indefinido<\/h3>\n\n\n<style>@media (min-width: 992px) {\n    .recomendadorV2Area1 {\n        width: 280px;\n    }\n    .recomendadorV2Area2 {\n        padding: 0px 20px;\n        width: calc(100% - 280px);\n    }\n}\n\n@media (max-width: 992px) {\n    .recomendadorV2Button {\n        margin: 0 auto;\n    }\n    .recomendadorV2Area {\n        flex-direction: column;\n        text-align: center;\n    }\n    .recomendadorV2Area2 {\n        padding: 0px 20px;\n    }\n}\n\n.recomendadorV2Area {\n    background: #eeeeee3d;\n    border-radius: 10px;\n    padding: 15px;\n    display: flex;\n    margin: 15px auto;\n    border: 1px solid #00000014;\n    max-width: 800px;\n}\n\n.recomendadorV2Area1 img {\n    width: 280px;\n    height: auto;\n    border-radius: 8px;\n}\n\n.linkrecomendadorv2 {\n    text-decoration: none !important;\n}\n\n.recomendadorV2Area2 .recomendadorV2Type {\n    text-transform: uppercase;\n    font-weight: 500;\n    font-size: 11px;\n    letter-spacing: 2px;\n    color: #666;\n    margin: 12px 0;\n    display: block;\n}\n\n.recomendadorV2Title h2 {\n    padding-top: 0px !important;\n    margin: 0px !important;\n    border-left: none !important;\n    padding-left: 0px !important;\n    line-height: 1.3;\n    color: #000 !important;\n    font-size: 24px;\n    margin-bottom: 12px !important;\n}\n\n.recomendadorV2Desc {\n    color: #333;\n    margin: 12px 0px !important;\n    font-size: 15px;\n    line-height: 1.5;\n}\n\n.recomendadorV2Button {\n    width: auto;\n    max-width: 200px;\n    margin: 0;\n    display: inline-flex;\n    align-items: center;\n    background: #1D3557;\n    border-radius: 8px;\n    color: #fff;\n    height: 36px;\n    justify-content: center;\n    text-align: center;\n    font-size: 14px;\n    padding: 0 20px;\n    transition: background-color 0.2s ease;\n}\n\n.recomendadorV2Button:hover {\n    background: #2a4d7a;\n}\n\n.recomendadorV2Button:after {\n    margin-top: -2px;\n    content: \"\u2192\";\n    padding: 0px 0px 0px 8px;\n}\n\n.recomendadorV2Alert {\n    text-align: left;\n    font-size: 11px;\n    margin-top: 8px;\n    color: #666;\n}\n\n.recomendadorFixedArea {\n    width: 100%;\n    display: flex;\n    justify-content: center;\n    align-items: center;\n}\n\n@media (min-width: 992px) {\n    #recomendadorFixed {\n        width: 32% !important;\n        left: 5%;\n    }\n    .recomendadorCloseFixed{\n        right: inherit !important;\n        left: 378px !important;\n    }\n}\n\n#recomendadorFixed {\n    width: 90%;\n    box-shadow: 0 10px 20px 0px #00000057;\n    display: none;\n    height: 90px;\n    background: #F6F6F6;\n    position: fixed;\n    flex-direction: row;\n    bottom: 10px;\n    z-index: 9999;\n    border-radius: 16px;\n    padding: 7px 10px;\n}\n\n.recomendadorLeftArea {\n    width: 160px;\n}\n\n.recomendadorRightArea h2 {\n    padding-top: 0px;\n    margin: 2px 0px 4px 0px !important;\n    font-weight: 400;\n    text-align: center;\n    padding-left: 0px !important;\n    color: #000 !important;\n    border-left: none !important;\n    line-height: 20px;\n    font-size: 12px !important;\n}\n\n.recomendadorImgFixed {\n    overflow: hidden;\n    padding: 8px 6px;\n    height: 100%;\n}\n\n.recomendadorImgFixed img {\n    height: 100% !important;\n    border-radius: 16px;\n}\n\n.recomendadorRightArea {\n    padding-top: 6px;\n    display: flex;\n    width: calc(100% - 130px);\n    justify-content: space-between;\n    align-items: center;\n    flex-direction: column;\n}\n\n.recomendadorButtonFixed {\n    margin: 0 auto;\n    background: #1D3557;\n    width: 80%;\n    text-align: center;\n    font-size: 10px;\n    color: #FFF;\n    padding: 2px 10px;\n    border-radius: 3px;\n}\n\n.recomendadorButtonFixed:after {\n    margin-top: -3px;\n    content: \"\u2192\";\n    padding: 0px 0px 0px 10px;\n}\n\n.recomendadorAlertFixed {\n    font-weight: 400;\n    text-align: center;\n    color: #484848;\n    font-size: 8px;\n}\n\n.recomendadorCloseFixed {\n    z-index: 99999;\n    display: none;\n    right: 0px;\n    left: inherit;\n    bottom: 99px;\n    position: fixed;\n    justify-content: center;\n    background: #F6F6F6;\n    width: 25px;\n    align-items: center;\n    height: 25px;\n    font-weight: 800;\n    border-radius: 50%;\n    border: 1px solid #EBEBEB;\n}\n\n.recomendadorV2Desc{\n    color: #000000;\n    margin: 20px 0px;\n}\n\n@media (max-width: 576px) {\n    .recomendadorV2Area {\n      padding: 10px;\n      max-width: 100%;\n    }\n  \n    .recomendadorV2Area1 img {\n      width: 100%;\n      border-radius: 6px;\n    }\n  \n    .recomendadorV2Area2 .recomendadorV2Type {\n      font-size: 9px;\n      letter-spacing: 1px;\n      margin: 8px 0;\n    }\n  \n    .recomendadorV2Title h2 {\n      font-size: 18px !important;\n      margin-bottom: 8px !important;\n      line-height: 1.2;\n    }\n  \n    .recomendadorV2Desc {\n      font-size: 14px;\n      margin: 8px 0 !important;\n      line-height: 1.4;\n    }\n  \n    .recomendadorV2Button {\n      font-size: 12px;\n      height: 30px;\n      padding: 0 12px;\n      max-width: 160px;\n    }\n  \n    .recomendadorV2Button:after {\n      padding-left: 6px;\n    }\n  }\n  <\/style>\n        <div class=\"lazyblock-recomendador-v2-2jDGz wp-block-lazyblock-recomendador-v2\">\n        <a class=\"linkrecomendadorv2\" href=\"https:\/\/diariodaregiao.com.br\/variedades\/piloto-brasileiro-pega-todos-de-surpresa-e-deixa-a-formula-1\/?utm_source=lazy\" target=\"_blank\" rel=\"noopener\">\n            <div class=\"recomendadorV2Area\">\n            <div class=\"recomendadorV2Area1\">\n                <div class=\"recomendadorV2Img\">\n                <img class=\"lazyloaded\" decoding=\"async\" src=\"https:\/\/diariodaregiao.com.br\/variedades\/wp-content\/uploads\/2025\/11\/philip-myrtorp-sBl8QD-CGGQ-unsplash-1140x570.jpg\" data-src=\"https:\/\/diariodaregiao.com.br\/variedades\/wp-content\/uploads\/2025\/11\/philip-myrtorp-sBl8QD-CGGQ-unsplash-1140x570.jpg\" alt=\"\">\n                <\/div>\n            <\/div>\n            <div class=\"recomendadorV2Area2\">\n                <div class=\"recomendadorV2Type\">\n                    <span>F1 Not\u00edcias<\/span>\n                <\/div>\n                <div class=\"recomendadorV2Title\">\n                <h2><span>Piloto deixa F1 \ud83c\udfce\ufe0f<\/span><\/h2>\n                <\/div>\n                <div class=\"recomendadorV2Desc\">\n                <span>Brasileiro surpreende e anuncia sa\u00edda da categoria<\/span>\n                <\/div>\n                <div class=\"recomendadorV2Button\">Leia mais<\/div>\n                <div class=\"recomendadorV2Alert\"><\/div>\n            <\/div>\n            <\/div>\n        <\/a>\n        <div>\n            <div style=\"z-index:99999;\" id=\"buttonClose\" onclick=\"closeRecomendadorFixed()\">\n            <div class=\"recomendadorCloseFixed\">X<\/div>\n            <\/div>\n            <a href=\"https:\/\/diariodaregiao.com.br\/variedades\/piloto-brasileiro-pega-todos-de-surpresa-e-deixa-a-formula-1\/?utm_source=lazy\" target=\"_blank\" rel=\"noopener\">\n            <div class=\"recomendadorFixedArea\">\n                <div id=\"recomendadorFixed\">\n                <div class=\"recomendadorLeftArea\">\n                    <div class=\"recomendadorImgFixed\">\n                    <img class=\"lazyload\" decoding=\"async\" src=\"https:\/\/diariodaregiao.com.br\/variedades\/wp-content\/uploads\/2025\/11\/philip-myrtorp-sBl8QD-CGGQ-unsplash-1140x570.jpg\" alt=\"\">\n                    <\/div>\n                <\/div>\n                <div class=\"recomendadorRightArea\">\n                    <div class=\"recomendadorTitleFixed\">\n                    <h2><span>Piloto deixa F1 \ud83c\udfce\ufe0f<\/span><\/h2>\n                    <\/div>\n                    <div class=\"recomendadorButtonFixed\">Leia mais<\/div>\n                    <div class=\"recomendadorAlertFixed\"><\/div>\n                <\/div>\n                <\/div>\n            <\/div>\n            <\/a>\n        <\/div>\n        <\/div>\n\n\n\n<p>O t\u00e9cnico Filipe Lu\u00eds vive momento de press\u00e3o ap\u00f3s cr\u00edticas intensas no empate diante do S\u00e3o Paulo. O desempenho recente levantou d\u00favidas sobre sua perman\u00eancia no cargo para o pr\u00f3ximo ano.<\/p>\n\n\n\n<p>A diretoria resolveu adotar postura mais cautelosa na conversa pela renova\u00e7\u00e3o, preferindo aguardar os resultados de 2025. A avalia\u00e7\u00e3o interna \u00e9 que o planejamento precisa ser baseado em desempenho concreto.<\/p>\n\n\n\n<p>Nos bastidores, apenas Jos\u00e9 Boto tem perman\u00eancia garantida na estrutura de futebol. A situa\u00e7\u00e3o dos demais nomes, inclusive do treinador, ser\u00e1 analisada de maneira criteriosa ao final da temporada.<\/p>\n\n\n\n<h3 class=\"wp-block-heading\">Jogadores experientes podem sair<\/h3>\n\n\n\n<p>O clube se mostra disposto a negociar atletas mais rodados para abrir espa\u00e7o para refor\u00e7os mais jovens. A lista Michael, Bruno Henrique, Nicol\u00e1s De La Cruz, Cebolinha e Juninho.<\/p>\n\n\n\n<p>A dire\u00e7\u00e3o considera que um elenco rejuvenescido permitir\u00e1 maior intensidade ao longo do ano. A ideia \u00e9 combinar t\u00e9cnica com for\u00e7a f\u00edsica para enfrentar maratona de jogos nacionais e internacionais.<\/p>\n\n\n\n<p>Segundo apura\u00e7\u00f5es recentes, o Flamengo n\u00e3o pretende investir em atletas acima dos 30 anos. Anderson Talisca, por exemplo, foi descartado justamente pelo perfil fora do desejado.<\/p>\n\n\n\n<p>Com a nova diretriz, o atacante Lucas Beltr\u00e1n surgiu como alvo para 2026. Com passagem pelo Valencia, ele se encaixa no perfil buscado e pode refor\u00e7ar o setor ofensivo na pr\u00f3xima janela.<\/p>\n","protected":false},"excerpt":{"rendered":"<p>O Flamengo prepara uma forte reestrutura\u00e7\u00e3o para a temporada de 2026 e j\u00e1 admite abrir m\u00e3o de jogadores de peso. A dire\u00e7\u00e3o entende que precisa renovar o plantel com atletas mais jovens. A avalia\u00e7\u00e3o da c\u00fapula rubro-negra \u00e9 que parte do elenco atual n\u00e3o oferece o dinamismo necess\u00e1rio para um calend\u00e1rio cada vez mais exigente. [&hellip;]<\/p>\n","protected":false},"author":5,"featured_media":0,"comment_status":"open","ping_status":"open","sticky":false,"template":"","format":"standard","meta":{"jnews-multi-image_gallery":[],"jnews_single_post":{"format":"standard"},"jnews_primary_category":[],"jnews_social_meta":[],"jnews_post_split":[],"footnotes":""},"categories":[1],"tags":[],"class_list":["post-2581","post","type-post","status-publish","format-standard","hentry","category-variedades"],"_links":{"self":[{"href":"https:\/\/diariodaregiao.audiencelabs.com.br\/wp-json\/wp\/v2\/posts\/2581","targetHints":{"allow":["GET"]}}],"collection":[{"href":"https:\/\/diariodaregiao.audiencelabs.com.br\/wp-json\/wp\/v2\/posts"}],"about":[{"href":"https:\/\/diariodaregiao.audiencelabs.com.br\/wp-json\/wp\/v2\/types\/post"}],"author":[{"embeddable":true,"href":"https:\/\/diariodaregiao.audiencelabs.com.br\/wp-json\/wp\/v2\/users\/5"}],"replies":[{"embeddable":true,"href":"https:\/\/diariodaregiao.audiencelabs.com.br\/wp-json\/wp\/v2\/comments?post=2581"}],"version-history":[{"count":3,"href":"https:\/\/diariodaregiao.audiencelabs.com.br\/wp-json\/wp\/v2\/posts\/2581\/revisions"}],"predecessor-version":[{"id":2661,"href":"https:\/\/diariodaregiao.audiencelabs.com.br\/wp-json\/wp\/v2\/posts\/2581\/revisions\/2661"}],"wp:attachment":[{"href":"https:\/\/diariodaregiao.audiencelabs.com.br\/wp-json\/wp\/v2\/media?parent=2581"}],"wp:term":[{"taxonomy":"category","embeddable":true,"href":"https:\/\/diariodaregiao.audiencelabs.com.br\/wp-json\/wp\/v2\/categories?post=2581"},{"taxonomy":"post_tag","embeddable":true,"href":"https:\/\/diariodaregiao.audiencelabs.com.br\/wp-json\/wp\/v2\/tags?post=2581"}],"curies":[{"name":"wp","href":"https:\/\/api.w.org\/{rel}","templated":true}]}}