{"id":2610,"date":"2025-11-25T05:40:00","date_gmt":"2025-11-25T08:40:00","guid":{"rendered":"https:\/\/diariodaregiao.audiencelabs.com.br\/?p=2610"},"modified":"2025-11-24T15:22:19","modified_gmt":"2025-11-24T18:22:19","slug":"lei-que-diminui-o-iptu-ja-esta-valendo-para-2026-veja-como-garantir-esse-novo-beneficio","status":"publish","type":"post","link":"https:\/\/diariodaregiao.audiencelabs.com.br\/lei-que-diminui-o-iptu-ja-esta-valendo-para-2026-veja-como-garantir-esse-novo-beneficio\/","title":{"rendered":"Lei que diminui o IPTU j\u00e1 est\u00e1 valendo para 2026: veja como garantir esse novo benef\u00edcio"},"content":{"rendered":"\n<p>A nova regulamenta\u00e7\u00e3o do IPTU em Campo Grande j\u00e1 define como propriet\u00e1rios de terrenos em condom\u00ednios podem obter a redu\u00e7\u00e3o da al\u00edquota. A mudan\u00e7a diminui a taxa de 3% para 1% e passa a valer no exerc\u00edcio de 2026.<\/p>\n\n\n\n<p>A medida surgiu a partir de debates entre o legislativo e os setores imobili\u00e1rio e da constru\u00e7\u00e3o civil. O objetivo foi criar regras mais equilibradas e adequadas \u00e0 realidade desses empreendimentos.<\/p>\n\n\n\n<figure class=\"wp-block-image size-large\"><img loading=\"lazy\" decoding=\"async\" width=\"1024\" height=\"683\" src=\"https:\/\/diariodaregiao.audiencelabs.com.br\/wp-content\/uploads\/2025\/11\/jakub-zerdzicki-bqUZEAeWuok-unsplash-1024x683.jpg\" alt=\"\" class=\"wp-image-2615\" srcset=\"https:\/\/diariodaregiao.audiencelabs.com.br\/wp-content\/uploads\/2025\/11\/jakub-zerdzicki-bqUZEAeWuok-unsplash-1024x683.jpg 1024w, https:\/\/diariodaregiao.audiencelabs.com.br\/wp-content\/uploads\/2025\/11\/jakub-zerdzicki-bqUZEAeWuok-unsplash-300x200.jpg 300w, https:\/\/diariodaregiao.audiencelabs.com.br\/wp-content\/uploads\/2025\/11\/jakub-zerdzicki-bqUZEAeWuok-unsplash-768x512.jpg 768w, https:\/\/diariodaregiao.audiencelabs.com.br\/wp-content\/uploads\/2025\/11\/jakub-zerdzicki-bqUZEAeWuok-unsplash-1536x1025.jpg 1536w, https:\/\/diariodaregiao.audiencelabs.com.br\/wp-content\/uploads\/2025\/11\/jakub-zerdzicki-bqUZEAeWuok-unsplash-750x500.jpg 750w, https:\/\/diariodaregiao.audiencelabs.com.br\/wp-content\/uploads\/2025\/11\/jakub-zerdzicki-bqUZEAeWuok-unsplash-1140x761.jpg 1140w, https:\/\/diariodaregiao.audiencelabs.com.br\/wp-content\/uploads\/2025\/11\/jakub-zerdzicki-bqUZEAeWuok-unsplash.jpg 1920w\" sizes=\"auto, (max-width: 1024px) 100vw, 1024px\" \/><figcaption class=\"wp-element-caption\">Cr\u00e9ditos: Foto de Jakub \u017berdzicki na Unsplash<\/figcaption><\/figure>\n\n\n\n<p>Com o decreto publicado, os propriet\u00e1rios agora contam com diretrizes precisas para solicitar o benef\u00edcio. O abatimento pode se estender por at\u00e9 oito anos seguidos, desde que o pedido seja apresentado no per\u00edodo correto.<\/p>\n\n\n\n<p>Para o autor da proposta, a altera\u00e7\u00e3o representa avan\u00e7o na organiza\u00e7\u00e3o dos loteamentos. Ele afirma que reduzir burocracias ajuda a estimular novos projetos e fortalece o desenvolvimento urbano planejado.<\/p>\n\n\n\n<p>A prefeitura destaca que o benef\u00edcio atende uma demanda antiga dos moradores. O procedimento simplificado deve facilitar o acesso ao desconto e tornar o processo mais transparente para todos.<\/p>\n\n\n\n<h2 class=\"wp-block-heading\">Regras e documentos necess\u00e1rios para obter o desconto<\/h2>\n\n\n\n<p>Para garantir o direito, o contribuinte deve enviar um requerimento \u00e0 Secretaria de Finan\u00e7as. A solicita\u00e7\u00e3o deve incluir documentos pessoais, matr\u00edcula individual e comprovantes ligados \u00e0 situa\u00e7\u00e3o do lote.<\/p>\n\n\n\n<p>Entre os itens exigidos est\u00e1 o Termo de Verifica\u00e7\u00e3o e Execu\u00e7\u00e3o de Obras. Esse documento confirma a entrega do lote e ajuda a assegurar que o im\u00f3vel cumpre as exig\u00eancias legais e operacionais.<\/p>\n\n\n\n<p>Tamb\u00e9m \u00e9 necess\u00e1rio apresentar o formul\u00e1rio fornecido pela Secretaria de Fazenda. O Termo de Ades\u00e3o ao Domic\u00edlio Fiscal Eletr\u00f4nico faz parte do processo e garante o envio digital das notifica\u00e7\u00f5es.<\/p>\n\n\n\n<p>Associa\u00e7\u00f5es e administradoras podem realizar o pedido em nome do propriet\u00e1rio. Para isso, precisam portar procura\u00e7\u00e3o espec\u00edfica que comprove a autoriza\u00e7\u00e3o para tratar das quest\u00f5es relativas ao im\u00f3vel.<\/p>\n\n\n\n<p>O benef\u00edcio \u00e9 concedido uma \u00fanica vez por propriedade e pode ser cancelado. O descumprimento de normas urban\u00edsticas ou pend\u00eancias tribut\u00e1rias faz com que a redu\u00e7\u00e3o da al\u00edquota seja automaticamente revogada.<\/p>\n","protected":false},"excerpt":{"rendered":"<p>A nova regulamenta\u00e7\u00e3o do IPTU em Campo Grande j\u00e1 define como propriet\u00e1rios de terrenos em condom\u00ednios podem obter a redu\u00e7\u00e3o da al\u00edquota. A mudan\u00e7a diminui a taxa de 3% para 1% e passa a valer no exerc\u00edcio de 2026. A medida surgiu a partir de debates entre o legislativo e os setores imobili\u00e1rio e da [&hellip;]<\/p>\n","protected":false},"author":5,"featured_media":2616,"comment_status":"open","ping_status":"open","sticky":false,"template":"","format":"standard","meta":{"jnews-multi-image_gallery":[],"jnews_single_post":{"format":"standard"},"jnews_primary_category":[],"jnews_social_meta":[],"jnews_post_split":[],"footnotes":""},"categories":[1],"tags":[],"class_list":["post-2610","post","type-post","status-publish","format-standard","has-post-thumbnail","hentry","category-variedades"],"_links":{"self":[{"href":"https:\/\/diariodaregiao.audiencelabs.com.br\/wp-json\/wp\/v2\/posts\/2610","targetHints":{"allow":["GET"]}}],"collection":[{"href":"https:\/\/diariodaregiao.audiencelabs.com.br\/wp-json\/wp\/v2\/posts"}],"about":[{"href":"https:\/\/diariodaregiao.audiencelabs.com.br\/wp-json\/wp\/v2\/types\/post"}],"author":[{"embeddable":true,"href":"https:\/\/diariodaregiao.audiencelabs.com.br\/wp-json\/wp\/v2\/users\/5"}],"replies":[{"embeddable":true,"href":"https:\/\/diariodaregiao.audiencelabs.com.br\/wp-json\/wp\/v2\/comments?post=2610"}],"version-history":[{"count":1,"href":"https:\/\/diariodaregiao.audiencelabs.com.br\/wp-json\/wp\/v2\/posts\/2610\/revisions"}],"predecessor-version":[{"id":2617,"href":"https:\/\/diariodaregiao.audiencelabs.com.br\/wp-json\/wp\/v2\/posts\/2610\/revisions\/2617"}],"wp:featuredmedia":[{"embeddable":true,"href":"https:\/\/diariodaregiao.audiencelabs.com.br\/wp-json\/wp\/v2\/media\/2616"}],"wp:attachment":[{"href":"https:\/\/diariodaregiao.audiencelabs.com.br\/wp-json\/wp\/v2\/media?parent=2610"}],"wp:term":[{"taxonomy":"category","embeddable":true,"href":"https:\/\/diariodaregiao.audiencelabs.com.br\/wp-json\/wp\/v2\/categories?post=2610"},{"taxonomy":"post_tag","embeddable":true,"href":"https:\/\/diariodaregiao.audiencelabs.com.br\/wp-json\/wp\/v2\/tags?post=2610"}],"curies":[{"name":"wp","href":"https:\/\/api.w.org\/{rel}","templated":true}]}}