{"id":2718,"date":"2025-11-25T15:40:00","date_gmt":"2025-11-25T18:40:00","guid":{"rendered":"https:\/\/diariodaregiao.audiencelabs.com.br\/?p=2718"},"modified":"2025-11-25T12:48:37","modified_gmt":"2025-11-25T15:48:37","slug":"governo-federal-barra-proposta-e-brasileiros-vao-economizar-r-7-bilhoes-com-conta-de-energia","status":"publish","type":"post","link":"https:\/\/diariodaregiao.audiencelabs.com.br\/governo-federal-barra-proposta-e-brasileiros-vao-economizar-r-7-bilhoes-com-conta-de-energia\/","title":{"rendered":"Governo Federal barra proposta e brasileiros v\u00e3o economizar R$ 7 bilh\u00f5es com conta de energia"},"content":{"rendered":"\n<p>O Governo sancionou a lei do setor el\u00e9trico, mas retirou trechos considerados negativos para o consumidor. As decis\u00f5es foram publicadas no Di\u00e1rio Oficial e assinadas por Geraldo Alckmin.<\/p>\n\n\n\n<p>Um dos vetos impediu a cobran\u00e7a do <em>curta\u00adilment <\/em>de usinas e\u00f3licas e solares na conta de luz. A proposta previa repassar ao consumidor cortes de produ\u00e7\u00e3o por falta de demanda no sistema.<\/p>\n\n\n\n<figure class=\"wp-block-image size-large\"><img loading=\"lazy\" decoding=\"async\" width=\"1024\" height=\"613\" src=\"https:\/\/diariodaregiao.audiencelabs.com.br\/wp-content\/uploads\/2025\/11\/0d5a2061-1024x613.webp\" alt=\"\" class=\"wp-image-2721\" srcset=\"https:\/\/diariodaregiao.audiencelabs.com.br\/wp-content\/uploads\/2025\/11\/0d5a2061-1024x613.webp 1024w, https:\/\/diariodaregiao.audiencelabs.com.br\/wp-content\/uploads\/2025\/11\/0d5a2061-300x179.webp 300w, https:\/\/diariodaregiao.audiencelabs.com.br\/wp-content\/uploads\/2025\/11\/0d5a2061-768x459.webp 768w, https:\/\/diariodaregiao.audiencelabs.com.br\/wp-content\/uploads\/2025\/11\/0d5a2061-750x449.webp 750w, https:\/\/diariodaregiao.audiencelabs.com.br\/wp-content\/uploads\/2025\/11\/0d5a2061-1140x682.webp 1140w, https:\/\/diariodaregiao.audiencelabs.com.br\/wp-content\/uploads\/2025\/11\/0d5a2061.webp 1170w\" sizes=\"auto, (max-width: 1024px) 100vw, 1024px\" \/><figcaption class=\"wp-element-caption\">Cr\u00e9ditos: Fabio Rodrigues-Pozzebom\/ Ag\u00eancia Brasil<\/figcaption><\/figure>\n\n\n\n<p>Entidades alertaram que a medida poderia elevar a tarifa em sete bilh\u00f5es de reais, pressionando as fam\u00edlias. O Governo afirmou que tal cobran\u00e7a ampliaria desequil\u00edbrios no setor el\u00e9trico nacional.<\/p>\n\n\n\n<p>A decis\u00e3o mant\u00e9m remunera\u00e7\u00e3o apenas quando o corte ocorre por falhas t\u00e9cnicas da rede. Assim, evita-se que limita\u00e7\u00f5es estruturais de transmiss\u00e3o recaiam diretamente sobre o consumidor.<\/p>\n\n\n\n<h2 class=\"wp-block-heading\">Proposta sobre royalties \u00e9 retirada<\/h2>\n\n\n\n<p>Tamb\u00e9m foi vetada a mudan\u00e7a no c\u00e1lculo dos royalties do petr\u00f3leo, proposta que usaria pre\u00e7os internacionais. T\u00e9cnicos avaliaram que isso criaria inseguran\u00e7a jur\u00eddica no mercado.<\/p>\n\n\n\n<p>O Governo decidiu preservar o modelo da ANP, que utiliza cota\u00e7\u00f5es mensais para definir valores. Embora os n\u00fameros fiquem abaixo do mercado, o m\u00e9todo \u00e9 considerado mais est\u00e1vel para contratos.<\/p>\n\n\n\n<p>A manuten\u00e7\u00e3o das regras atuais evita disputas entre empresas e reguladores, segundo os minist\u00e9rios. Al\u00e9m disso, reduz riscos para projetos de longo prazo em \u00f3leo e g\u00e1s, incluindo opera\u00e7\u00f5es da Petrobras.<\/p>\n\n\n\n<p>A retirada da proposta tamb\u00e9m impede mudan\u00e7as bruscas na arrecada\u00e7\u00e3o e em proje\u00e7\u00f5es futuras. Com isso, o setor mant\u00e9m previsibilidade essencial para investimentos estrat\u00e9gicos no pa\u00eds.<\/p>\n\n\n\n<h2 class=\"wp-block-heading\">Usinas a carv\u00e3o ser\u00e3o mantidas<\/h2>\n\n\n\n<p>A lei confirmou ainda a recontrata\u00e7\u00e3o de t\u00e9rmicas a carv\u00e3o mineral at\u00e9 2040, apesar das press\u00f5es. O Governo afirma que a fonte, mesmo poluente, segue importante para garantir seguran\u00e7a energ\u00e9tica.<\/p>\n\n\n\n<p>Autoridades dizem que o pa\u00eds necessita de estabilidade enquanto amplia outras matrizes menos emissoras. A decis\u00e3o tamb\u00e9m reflete fatores econ\u00f4micos e a influ\u00eancia de grupos que defendem o carv\u00e3o.<\/p>\n\n\n\n<p>Setores ligados \u00e0 energia limpa criticam a medida, citando impactos clim\u00e1ticos e competitivos. Ainda assim, o Governo entende que a transi\u00e7\u00e3o precisa ocorrer sem riscos ao abastecimento.<\/p>\n","protected":false},"excerpt":{"rendered":"<p>O Governo sancionou a lei do setor el\u00e9trico, mas retirou trechos considerados negativos para o consumidor. As decis\u00f5es foram publicadas no Di\u00e1rio Oficial e assinadas por Geraldo Alckmin. Um dos vetos impediu a cobran\u00e7a do curta\u00adilment de usinas e\u00f3licas e solares na conta de luz. A proposta previa repassar ao consumidor cortes de produ\u00e7\u00e3o por [&hellip;]<\/p>\n","protected":false},"author":5,"featured_media":2722,"comment_status":"open","ping_status":"open","sticky":false,"template":"","format":"standard","meta":{"jnews-multi-image_gallery":[],"jnews_single_post":{"format":"standard"},"jnews_primary_category":[],"jnews_social_meta":[],"jnews_post_split":[],"footnotes":""},"categories":[1],"tags":[],"class_list":["post-2718","post","type-post","status-publish","format-standard","has-post-thumbnail","hentry","category-variedades"],"_links":{"self":[{"href":"https:\/\/diariodaregiao.audiencelabs.com.br\/wp-json\/wp\/v2\/posts\/2718","targetHints":{"allow":["GET"]}}],"collection":[{"href":"https:\/\/diariodaregiao.audiencelabs.com.br\/wp-json\/wp\/v2\/posts"}],"about":[{"href":"https:\/\/diariodaregiao.audiencelabs.com.br\/wp-json\/wp\/v2\/types\/post"}],"author":[{"embeddable":true,"href":"https:\/\/diariodaregiao.audiencelabs.com.br\/wp-json\/wp\/v2\/users\/5"}],"replies":[{"embeddable":true,"href":"https:\/\/diariodaregiao.audiencelabs.com.br\/wp-json\/wp\/v2\/comments?post=2718"}],"version-history":[{"count":1,"href":"https:\/\/diariodaregiao.audiencelabs.com.br\/wp-json\/wp\/v2\/posts\/2718\/revisions"}],"predecessor-version":[{"id":2723,"href":"https:\/\/diariodaregiao.audiencelabs.com.br\/wp-json\/wp\/v2\/posts\/2718\/revisions\/2723"}],"wp:featuredmedia":[{"embeddable":true,"href":"https:\/\/diariodaregiao.audiencelabs.com.br\/wp-json\/wp\/v2\/media\/2722"}],"wp:attachment":[{"href":"https:\/\/diariodaregiao.audiencelabs.com.br\/wp-json\/wp\/v2\/media?parent=2718"}],"wp:term":[{"taxonomy":"category","embeddable":true,"href":"https:\/\/diariodaregiao.audiencelabs.com.br\/wp-json\/wp\/v2\/categories?post=2718"},{"taxonomy":"post_tag","embeddable":true,"href":"https:\/\/diariodaregiao.audiencelabs.com.br\/wp-json\/wp\/v2\/tags?post=2718"}],"curies":[{"name":"wp","href":"https:\/\/api.w.org\/{rel}","templated":true}]}}