{"id":2768,"date":"2025-11-26T06:40:00","date_gmt":"2025-11-26T09:40:00","guid":{"rendered":"https:\/\/diariodaregiao.audiencelabs.com.br\/?p=2768"},"modified":"2025-11-25T13:59:58","modified_gmt":"2025-11-25T16:59:58","slug":"bola-de-ouro-deixou-pele-de-lado-e-escolheu-o-melhor-jogador-da-historia","status":"publish","type":"post","link":"https:\/\/diariodaregiao.audiencelabs.com.br\/bola-de-ouro-deixou-pele-de-lado-e-escolheu-o-melhor-jogador-da-historia\/","title":{"rendered":"Bola de Ouro deixou Pel\u00e9 de lado e escolheu o melhor jogador da hist\u00f3ria"},"content":{"rendered":"\n<p>A elei\u00e7\u00e3o dos maiores jogadores da hist\u00f3ria volta a ganhar destaque ap\u00f3s nova revis\u00e3o da Bola de Ouro. A France Football reabriu antigas discuss\u00f5es e reacendeu compara\u00e7\u00f5es lend\u00e1rias entre gera\u00e7\u00f5es.<\/p>\n\n\n\n<p>A revista decidiu reavaliar edi\u00e7\u00f5es em que apenas atletas europeus eram eleg\u00edveis ao pr\u00eamio. Essa limita\u00e7\u00e3o mudou em 1995, mas deixou d\u00e9cadas de talentos internacionais fora da disputa oficial.<\/p>\n\n\n\n<figure class=\"wp-block-image size-full\"><img loading=\"lazy\" decoding=\"async\" width=\"1024\" height=\"682\" src=\"https:\/\/diariodaregiao.audiencelabs.com.br\/wp-content\/uploads\/2025\/11\/3010-Bola-de-Ouro-layout_site.webp\" alt=\"\" class=\"wp-image-2770\" srcset=\"https:\/\/diariodaregiao.audiencelabs.com.br\/wp-content\/uploads\/2025\/11\/3010-Bola-de-Ouro-layout_site.webp 1024w, https:\/\/diariodaregiao.audiencelabs.com.br\/wp-content\/uploads\/2025\/11\/3010-Bola-de-Ouro-layout_site-300x200.webp 300w, https:\/\/diariodaregiao.audiencelabs.com.br\/wp-content\/uploads\/2025\/11\/3010-Bola-de-Ouro-layout_site-768x512.webp 768w, https:\/\/diariodaregiao.audiencelabs.com.br\/wp-content\/uploads\/2025\/11\/3010-Bola-de-Ouro-layout_site-750x500.webp 750w\" sizes=\"auto, (max-width: 1024px) 100vw, 1024px\" \/><figcaption class=\"wp-element-caption\">Stuart Franklin &#8211; FIFA\/Reprodu\u00e7\u00e3o<\/figcaption><\/figure>\n\n\n\n<p>Com a revis\u00e3o, surgiram vencedores simb\u00f3licos que representaram a excel\u00eancia do futebol sul-americano. Esses nomes ajudaram a equilibrar a narrativa e tornaram a lista mais justa para o cen\u00e1rio global.<\/p>\n\n\n\n<h2 class=\"wp-block-heading\">A recontagem que mudou a linha do tempo<\/h2>\n\n\n\n<p>Pel\u00e9 foi um dos mais beneficiados pelo resgate hist\u00f3rico feito pela publica\u00e7\u00e3o. Ao refazer a vota\u00e7\u00e3o, o brasileiro recebeu sete t\u00edtulos honor\u00e1rios que reconheceram seu impacto incontest\u00e1vel no esporte.<\/p>\n\n\n\n<p>Al\u00e9m dele, Garrincha tamb\u00e9m foi lembrado como vencedor alternativo. Sua habilidade singular e desempenho marcante em Copas tornaram inevit\u00e1vel a inclus\u00e3o entre os premiados revisados.<\/p>\n\n\n\n<p>Maradona ganhou dois t\u00edtulos na revis\u00e3o e refor\u00e7ou sua presen\u00e7a entre os maiores. O argentino havia encantado o mundo com atua\u00e7\u00f5es decisivas e seguia sendo refer\u00eancia para novas gera\u00e7\u00f5es.<\/p>\n\n\n\n<p>Outros nomes tamb\u00e9m foram celebrados, incluindo Kempes e Rom\u00e1rio. Ambos marcaram \u00e9poca com atua\u00e7\u00f5es memor\u00e1veis e justificaram plenamente a reavalia\u00e7\u00e3o promovida pela France Football.<\/p>\n\n\n\n<p>Apesar da corre\u00e7\u00e3o hist\u00f3rica, Messi continuou sendo o atleta com mais trof\u00e9us oficiais. O argentino soma oito conquistas e segue isolado no topo da lista principal publicada pela revista.<\/p>\n\n\n\n<p>Cristiano Ronaldo aparece como concorrente mais pr\u00f3ximo, com cinco premia\u00e7\u00f5es. Sua longa rivalidade com Messi ajudou a definir o futebol moderno e impulsionou debates sobre grandeza e consist\u00eancia.<\/p>\n\n\n\n<p>Mesmo ap\u00f3s a revis\u00e3o, Pel\u00e9 ficou uma conquista atr\u00e1s do recordista. O rei do futebol permanece como uma das maiores figuras do esporte, mas n\u00e3o ultrapassou o argentino no total acumulado.<\/p>\n","protected":false},"excerpt":{"rendered":"<p>A elei\u00e7\u00e3o dos maiores jogadores da hist\u00f3ria volta a ganhar destaque ap\u00f3s nova revis\u00e3o da Bola de Ouro. A France Football reabriu antigas discuss\u00f5es e reacendeu compara\u00e7\u00f5es lend\u00e1rias entre gera\u00e7\u00f5es. A revista decidiu reavaliar edi\u00e7\u00f5es em que apenas atletas europeus eram eleg\u00edveis ao pr\u00eamio. Essa limita\u00e7\u00e3o mudou em 1995, mas deixou d\u00e9cadas de talentos internacionais [&hellip;]<\/p>\n","protected":false},"author":5,"featured_media":0,"comment_status":"open","ping_status":"open","sticky":false,"template":"","format":"standard","meta":{"jnews-multi-image_gallery":[],"jnews_single_post":{"format":"standard"},"jnews_primary_category":[],"jnews_social_meta":[],"jnews_post_split":[],"footnotes":""},"categories":[1],"tags":[],"class_list":["post-2768","post","type-post","status-publish","format-standard","hentry","category-variedades"],"_links":{"self":[{"href":"https:\/\/diariodaregiao.audiencelabs.com.br\/wp-json\/wp\/v2\/posts\/2768","targetHints":{"allow":["GET"]}}],"collection":[{"href":"https:\/\/diariodaregiao.audiencelabs.com.br\/wp-json\/wp\/v2\/posts"}],"about":[{"href":"https:\/\/diariodaregiao.audiencelabs.com.br\/wp-json\/wp\/v2\/types\/post"}],"author":[{"embeddable":true,"href":"https:\/\/diariodaregiao.audiencelabs.com.br\/wp-json\/wp\/v2\/users\/5"}],"replies":[{"embeddable":true,"href":"https:\/\/diariodaregiao.audiencelabs.com.br\/wp-json\/wp\/v2\/comments?post=2768"}],"version-history":[{"count":1,"href":"https:\/\/diariodaregiao.audiencelabs.com.br\/wp-json\/wp\/v2\/posts\/2768\/revisions"}],"predecessor-version":[{"id":2772,"href":"https:\/\/diariodaregiao.audiencelabs.com.br\/wp-json\/wp\/v2\/posts\/2768\/revisions\/2772"}],"wp:attachment":[{"href":"https:\/\/diariodaregiao.audiencelabs.com.br\/wp-json\/wp\/v2\/media?parent=2768"}],"wp:term":[{"taxonomy":"category","embeddable":true,"href":"https:\/\/diariodaregiao.audiencelabs.com.br\/wp-json\/wp\/v2\/categories?post=2768"},{"taxonomy":"post_tag","embeddable":true,"href":"https:\/\/diariodaregiao.audiencelabs.com.br\/wp-json\/wp\/v2\/tags?post=2768"}],"curies":[{"name":"wp","href":"https:\/\/api.w.org\/{rel}","templated":true}]}}