{"id":2882,"date":"2025-11-26T19:40:00","date_gmt":"2025-11-26T22:40:00","guid":{"rendered":"https:\/\/diariodaregiao.audiencelabs.com.br\/?p=2882"},"modified":"2025-12-04T10:01:51","modified_gmt":"2025-12-04T13:01:51","slug":"governo-anuncia-que-2026-vai-ter-13-feriados-obrigatorios","status":"publish","type":"post","link":"https:\/\/diariodaregiao.audiencelabs.com.br\/governo-anuncia-que-2026-vai-ter-13-feriados-obrigatorios\/","title":{"rendered":"Governo anuncia que 2026 vai ter 13 feriados obrigat\u00f3rios"},"content":{"rendered":"\n<p>Para a alegria da popula\u00e7\u00e3o, a Prefeitura de Indaiatuba divulgou oficialmente o calend\u00e1rio de feriados e pontos facultativos para o ano de 2026. As defini\u00e7\u00f5es, v\u00e1lidas para a Administra\u00e7\u00e3o Direta, Autarquias e Funda\u00e7\u00f5es, constam nos Decretos Municipais n\u00ba 15.527, 15.528 e 15.556, j\u00e1 dispon\u00edveis ao p\u00fablico.<\/p>\n\n\n\n<p>O an\u00fancio confirma que o ano ter\u00e1 <strong>13 feriados obrigat\u00f3rios<\/strong>, al\u00e9m de diversas datas com expediente facultativo, conforme divulgado pela Prefeitura de Indaiatuba.<\/p>\n\n\n\n<h2 class=\"wp-block-heading\">Servi\u00e7os essenciais manter\u00e3o funcionamento em regime especial<\/h2>\n\n\n\n<p>De acordo com os decretos, as secretarias e \u00f3rg\u00e3os que prestam servi\u00e7os essenciais devem manter escala de plant\u00e3o ou revezamento. Est\u00e3o inclu\u00eddos neste regime os setores de Sa\u00fade, Obras e Vias P\u00fablicas, Seguran\u00e7a P\u00fablica, Servi\u00e7os Urbanos e Meio Ambiente, Assist\u00eancia Social, Fazenda, o Saae e os \u00f3rg\u00e3os de fiscaliza\u00e7\u00e3o.<br>Nas demais secretarias, os titulares poder\u00e3o instituir plant\u00f5es conforme a necessidade do servi\u00e7o prestado.<\/p>\n\n\n\n<figure class=\"wp-block-image size-large\"><img loading=\"lazy\" decoding=\"async\" width=\"1024\" height=\"683\" src=\"https:\/\/diariodaregiao.audiencelabs.com.br\/wp-content\/uploads\/2025\/11\/novembro-feriado_311020255731.png-1024x683.webp\" alt=\"\" class=\"wp-image-779\" srcset=\"https:\/\/diariodaregiao.audiencelabs.com.br\/wp-content\/uploads\/2025\/11\/novembro-feriado_311020255731.png-1024x683.webp 1024w, https:\/\/diariodaregiao.audiencelabs.com.br\/wp-content\/uploads\/2025\/11\/novembro-feriado_311020255731.png-300x200.webp 300w, https:\/\/diariodaregiao.audiencelabs.com.br\/wp-content\/uploads\/2025\/11\/novembro-feriado_311020255731.png-768x512.webp 768w, https:\/\/diariodaregiao.audiencelabs.com.br\/wp-content\/uploads\/2025\/11\/novembro-feriado_311020255731.png-750x500.webp 750w, https:\/\/diariodaregiao.audiencelabs.com.br\/wp-content\/uploads\/2025\/11\/novembro-feriado_311020255731.png-1140x760.webp 1140w, https:\/\/diariodaregiao.audiencelabs.com.br\/wp-content\/uploads\/2025\/11\/novembro-feriado_311020255731.png.webp 1200w\" sizes=\"auto, (max-width: 1024px) 100vw, 1024px\" \/><figcaption class=\"wp-element-caption\">Cr\u00e9ditos: Adobe Stock<\/figcaption><\/figure>\n\n\n\n<h2 class=\"wp-block-heading\">Feriados nacionais, estaduais e municipais<\/h2>\n\n\n\n<p>O calend\u00e1rio estabelece os feriados federais, estaduais e municipais que ser\u00e3o observados no munic\u00edpio ao longo de 2026.<\/p>\n\n\n\n<h3 class=\"wp-block-heading\"><strong>Feriados Federais<\/strong><\/h3>\n\n\n\n<p>Entre as datas nacionais, est\u00e3o confirmados:<\/p>\n\n\n\n<ul class=\"wp-block-list\">\n<li><strong>1\u00ba de janeiro<\/strong> \u2013 Confraterniza\u00e7\u00e3o Universal<\/li>\n\n\n\n<li><strong>21 de abril<\/strong> \u2013 Tiradentes<\/li>\n\n\n\n<li><strong>1\u00ba de maio<\/strong> \u2013 Dia do Trabalho<\/li>\n\n\n\n<li><strong>7 de setembro<\/strong> \u2013 Independ\u00eancia do Brasil<\/li>\n\n\n\n<li><strong>12 de outubro<\/strong> \u2013 Dia da Padroeira do Brasil<\/li>\n\n\n\n<li><strong>2 de novembro<\/strong> \u2013 Finados<\/li>\n\n\n\n<li><strong>15 de novembro<\/strong> \u2013 Proclama\u00e7\u00e3o da Rep\u00fablica<\/li>\n\n\n\n<li><strong>25 de dezembro<\/strong> \u2013 Natal<\/li>\n<\/ul>\n\n\n\n<h3 class=\"wp-block-heading\"><strong>Feriados Estaduais<\/strong><\/h3>\n\n\n\n<p>O Estado de S\u00e3o Paulo observar\u00e1:<\/p>\n\n\n\n<ul class=\"wp-block-list\">\n<li><strong>9 de julho<\/strong> \u2013 Revolu\u00e7\u00e3o Constitucionalista de 1932<\/li>\n\n\n\n<li><strong>20 de novembro<\/strong> \u2013 Dia Estadual da Consci\u00eancia Negra<\/li>\n<\/ul>\n\n\n\n<h3 class=\"wp-block-heading\"><strong>Feriados Municipais<\/strong><\/h3>\n\n\n\n<p>No \u00e2mbito local, Indaiatuba ter\u00e1:<\/p>\n\n\n\n<ul class=\"wp-block-list\">\n<li><strong>2 de fevereiro<\/strong> \u2013 Dia da Padroeira do Munic\u00edpio<\/li>\n\n\n\n<li><strong>3 de abril<\/strong> \u2013 Paix\u00e3o de Cristo<\/li>\n\n\n\n<li><strong>4 de junho<\/strong> \u2013 Corpus Christi<\/li>\n<\/ul>\n\n\n\n<h2 class=\"wp-block-heading\">Pontos facultativos ao longo do ano<\/h2>\n\n\n\n<p>Al\u00e9m dos feriados, a prefeitura definiu os dias com expediente facultativo nas reparti\u00e7\u00f5es p\u00fablicas. Entre as principais datas, est\u00e3o:<\/p>\n\n\n\n<ul class=\"wp-block-list\">\n<li>2 de janeiro<\/li>\n\n\n\n<li>16, 17 e at\u00e9 12h de 18 de fevereiro (Carnaval)<\/li>\n\n\n\n<li>20 de abril<\/li>\n\n\n\n<li>5 de junho<\/li>\n\n\n\n<li>10 de julho<\/li>\n\n\n\n<li>28 de outubro<\/li>\n\n\n\n<li>21 a 24 de dezembro<\/li>\n\n\n\n<li>28 a 31 de dezembro<\/li>\n<\/ul>\n\n\n\n<p>A expectativa \u00e9 que, com o calend\u00e1rio divulgado antecipadamente, \u00f3rg\u00e3os p\u00fablicos e cidad\u00e3os possam se organizar melhor ao longo de 2026.<\/p>\n","protected":false},"excerpt":{"rendered":"<p>Para a alegria da popula\u00e7\u00e3o, a Prefeitura de Indaiatuba divulgou oficialmente o calend\u00e1rio de feriados e pontos facultativos para o ano de 2026. As defini\u00e7\u00f5es, v\u00e1lidas para a Administra\u00e7\u00e3o Direta, Autarquias e Funda\u00e7\u00f5es, constam nos Decretos Municipais n\u00ba 15.527, 15.528 e 15.556, j\u00e1 dispon\u00edveis ao p\u00fablico. O an\u00fancio confirma que o ano ter\u00e1 13 feriados [&hellip;]<\/p>\n","protected":false},"author":8,"featured_media":2887,"comment_status":"open","ping_status":"open","sticky":false,"template":"","format":"standard","meta":{"jnews-multi-image_gallery":[],"jnews_single_post":{"format":"standard"},"jnews_primary_category":[],"jnews_social_meta":[],"jnews_post_split":[],"footnotes":""},"categories":[1],"tags":[],"class_list":["post-2882","post","type-post","status-publish","format-standard","has-post-thumbnail","hentry","category-variedades"],"_links":{"self":[{"href":"https:\/\/diariodaregiao.audiencelabs.com.br\/wp-json\/wp\/v2\/posts\/2882","targetHints":{"allow":["GET"]}}],"collection":[{"href":"https:\/\/diariodaregiao.audiencelabs.com.br\/wp-json\/wp\/v2\/posts"}],"about":[{"href":"https:\/\/diariodaregiao.audiencelabs.com.br\/wp-json\/wp\/v2\/types\/post"}],"author":[{"embeddable":true,"href":"https:\/\/diariodaregiao.audiencelabs.com.br\/wp-json\/wp\/v2\/users\/8"}],"replies":[{"embeddable":true,"href":"https:\/\/diariodaregiao.audiencelabs.com.br\/wp-json\/wp\/v2\/comments?post=2882"}],"version-history":[{"count":3,"href":"https:\/\/diariodaregiao.audiencelabs.com.br\/wp-json\/wp\/v2\/posts\/2882\/revisions"}],"predecessor-version":[{"id":6284,"href":"https:\/\/diariodaregiao.audiencelabs.com.br\/wp-json\/wp\/v2\/posts\/2882\/revisions\/6284"}],"wp:featuredmedia":[{"embeddable":true,"href":"https:\/\/diariodaregiao.audiencelabs.com.br\/wp-json\/wp\/v2\/media\/2887"}],"wp:attachment":[{"href":"https:\/\/diariodaregiao.audiencelabs.com.br\/wp-json\/wp\/v2\/media?parent=2882"}],"wp:term":[{"taxonomy":"category","embeddable":true,"href":"https:\/\/diariodaregiao.audiencelabs.com.br\/wp-json\/wp\/v2\/categories?post=2882"},{"taxonomy":"post_tag","embeddable":true,"href":"https:\/\/diariodaregiao.audiencelabs.com.br\/wp-json\/wp\/v2\/tags?post=2882"}],"curies":[{"name":"wp","href":"https:\/\/api.w.org\/{rel}","templated":true}]}}