{"id":2909,"date":"2025-11-26T16:44:00","date_gmt":"2025-11-26T19:44:00","guid":{"rendered":"https:\/\/diariodaregiao.audiencelabs.com.br\/?p=2909"},"modified":"2025-11-26T14:08:50","modified_gmt":"2025-11-26T17:08:50","slug":"16-milhoes-de-brasileiros-que-nao-ganham-bolsa-familia-serao-beneficiados-com-canetada-de-lula","status":"publish","type":"post","link":"https:\/\/diariodaregiao.audiencelabs.com.br\/16-milhoes-de-brasileiros-que-nao-ganham-bolsa-familia-serao-beneficiados-com-canetada-de-lula\/","title":{"rendered":"16 milh\u00f5es de brasileiros que n\u00e3o ganham Bolsa Fam\u00edlia ser\u00e3o beneficiados com canetada de Lula"},"content":{"rendered":"\n<p>A nova legisla\u00e7\u00e3o que ajusta a cobran\u00e7a do Imposto de Renda come\u00e7a a valer em janeiro e redesenha a tributa\u00e7\u00e3o sobre sal\u00e1rios no pa\u00eds. A medida deve aliviar o bolso de milh\u00f5es e fortalecer discursos presentes no debate pol\u00edtico.<\/p>\n\n\n\n<p>Com a mudan\u00e7a, quem recebe at\u00e9 R$ 5 mil mensais deixa de pagar IR, enquanto rendimentos de at\u00e9 R$ 7.350 passam a ter desconto gradual. O governo calcula que cerca de 16 milh\u00f5es de trabalhadores ser\u00e3o contemplados pela atualiza\u00e7\u00e3o.<\/p>\n\n\n\n<figure class=\"wp-block-image size-large\"><img loading=\"lazy\" decoding=\"async\" width=\"1024\" height=\"613\" src=\"https:\/\/diariodaregiao.audiencelabs.com.br\/wp-content\/uploads\/2025\/11\/mg_1439_1-1024x613.webp\" alt=\"\" class=\"wp-image-2742\" srcset=\"https:\/\/diariodaregiao.audiencelabs.com.br\/wp-content\/uploads\/2025\/11\/mg_1439_1-1024x613.webp 1024w, https:\/\/diariodaregiao.audiencelabs.com.br\/wp-content\/uploads\/2025\/11\/mg_1439_1-300x179.webp 300w, https:\/\/diariodaregiao.audiencelabs.com.br\/wp-content\/uploads\/2025\/11\/mg_1439_1-768x459.webp 768w, https:\/\/diariodaregiao.audiencelabs.com.br\/wp-content\/uploads\/2025\/11\/mg_1439_1-750x449.webp 750w, https:\/\/diariodaregiao.audiencelabs.com.br\/wp-content\/uploads\/2025\/11\/mg_1439_1-1140x682.webp 1140w, https:\/\/diariodaregiao.audiencelabs.com.br\/wp-content\/uploads\/2025\/11\/mg_1439_1.webp 1170w\" sizes=\"auto, (max-width: 1024px) 100vw, 1024px\" \/><figcaption class=\"wp-element-caption\">Cr\u00e9ditos: Bruno Peres\/Ag\u00eancia Brasil<\/figcaption><\/figure>\n\n\n\n<p>A aprova\u00e7\u00e3o no Congresso ocorreu sem resist\u00eancia, j\u00e1 que a proposta atende interesses de diferentes legendas. Na C\u00e2mara, o texto passou de forma un\u00e2nime, e no Senado a vota\u00e7\u00e3o consolidou o entendimento de que a revis\u00e3o era urgente.<\/p>\n\n\n\n<h3 class=\"wp-block-heading\">Tramita\u00e7\u00e3o marcada por disputas no Senado<\/h3>\n\n\n\n<p>Embora o m\u00e9rito n\u00e3o tenha sido contestado, o andamento do projeto exp\u00f4s rivalidades entre parlamentares. O senador Renan Calheiros sugeriu ajustes ap\u00f3s consultas t\u00e9cnicas, mas recuou diante do risco de atrasar a entrada em vigor da regra.<\/p>\n\n\n\n<p>As trocas de acusa\u00e7\u00f5es com Arthur Lira revelaram diverg\u00eancias sobre inser\u00e7\u00f5es no texto. Mesmo assim, prevaleceu a articula\u00e7\u00e3o pela aprova\u00e7\u00e3o sem mudan\u00e7as, permitindo que o governo comemorasse mais uma entrega dentro de suas prioridades econ\u00f4micas.<\/p>\n\n\n\n<p>A nova tabela traz impacto direto no or\u00e7amento de categorias como a dos professores. Uma docente que recebe o piso nacional, por exemplo, deixar\u00e1 de ter desconto mensal, beneficiando-se plenamente da faixa de isen\u00e7\u00e3o criada.<\/p>\n\n\n\n<h3 class=\"wp-block-heading\">Compensa\u00e7\u00e3o recai sobre contribuintes de maior renda<\/h3>\n\n\n\n<p>Para equilibrar a redu\u00e7\u00e3o de arrecada\u00e7\u00e3o, a lei prev\u00ea tributa\u00e7\u00e3o adicional sobre quem ganha acima de R$ 600 mil ao ano. A cobran\u00e7a ser\u00e1 escalonada e atinge parcela pequena da popula\u00e7\u00e3o, estimada pelo governo em 0,13% dos contribuintes.<\/p>\n\n\n\n<p>A taxa\u00e7\u00e3o tamb\u00e9m alcan\u00e7a dividendos enviados ao exterior, que passar\u00e3o a ser tributados na fonte. A medida busca corrigir brechas utilizadas por profissionais que optam por receber rendimentos como pessoa jur\u00eddica.<\/p>\n","protected":false},"excerpt":{"rendered":"<p>A nova legisla\u00e7\u00e3o que ajusta a cobran\u00e7a do Imposto de Renda come\u00e7a a valer em janeiro e redesenha a tributa\u00e7\u00e3o sobre sal\u00e1rios no pa\u00eds. A medida deve aliviar o bolso de milh\u00f5es e fortalecer discursos presentes no debate pol\u00edtico. Com a mudan\u00e7a, quem recebe at\u00e9 R$ 5 mil mensais deixa de pagar IR, enquanto rendimentos [&hellip;]<\/p>\n","protected":false},"author":5,"featured_media":2911,"comment_status":"open","ping_status":"open","sticky":false,"template":"","format":"standard","meta":{"jnews-multi-image_gallery":[],"jnews_single_post":{"format":"standard"},"jnews_primary_category":[],"jnews_social_meta":[],"jnews_post_split":[],"footnotes":""},"categories":[1],"tags":[],"class_list":["post-2909","post","type-post","status-publish","format-standard","has-post-thumbnail","hentry","category-variedades"],"_links":{"self":[{"href":"https:\/\/diariodaregiao.audiencelabs.com.br\/wp-json\/wp\/v2\/posts\/2909","targetHints":{"allow":["GET"]}}],"collection":[{"href":"https:\/\/diariodaregiao.audiencelabs.com.br\/wp-json\/wp\/v2\/posts"}],"about":[{"href":"https:\/\/diariodaregiao.audiencelabs.com.br\/wp-json\/wp\/v2\/types\/post"}],"author":[{"embeddable":true,"href":"https:\/\/diariodaregiao.audiencelabs.com.br\/wp-json\/wp\/v2\/users\/5"}],"replies":[{"embeddable":true,"href":"https:\/\/diariodaregiao.audiencelabs.com.br\/wp-json\/wp\/v2\/comments?post=2909"}],"version-history":[{"count":2,"href":"https:\/\/diariodaregiao.audiencelabs.com.br\/wp-json\/wp\/v2\/posts\/2909\/revisions"}],"predecessor-version":[{"id":2912,"href":"https:\/\/diariodaregiao.audiencelabs.com.br\/wp-json\/wp\/v2\/posts\/2909\/revisions\/2912"}],"wp:featuredmedia":[{"embeddable":true,"href":"https:\/\/diariodaregiao.audiencelabs.com.br\/wp-json\/wp\/v2\/media\/2911"}],"wp:attachment":[{"href":"https:\/\/diariodaregiao.audiencelabs.com.br\/wp-json\/wp\/v2\/media?parent=2909"}],"wp:term":[{"taxonomy":"category","embeddable":true,"href":"https:\/\/diariodaregiao.audiencelabs.com.br\/wp-json\/wp\/v2\/categories?post=2909"},{"taxonomy":"post_tag","embeddable":true,"href":"https:\/\/diariodaregiao.audiencelabs.com.br\/wp-json\/wp\/v2\/tags?post=2909"}],"curies":[{"name":"wp","href":"https:\/\/api.w.org\/{rel}","templated":true}]}}