{"id":2913,"date":"2025-11-26T17:40:00","date_gmt":"2025-11-26T20:40:00","guid":{"rendered":"https:\/\/diariodaregiao.audiencelabs.com.br\/?p=2913"},"modified":"2025-11-27T16:44:47","modified_gmt":"2025-11-27T19:44:47","slug":"cidade-que-mais-cresce-no-brasil-com-quase-80-mil-habitantes-tem-uma-das-populacoes-mais-ricas-do-pais","status":"publish","type":"post","link":"https:\/\/diariodaregiao.audiencelabs.com.br\/cidade-que-mais-cresce-no-brasil-com-quase-80-mil-habitantes-tem-uma-das-populacoes-mais-ricas-do-pais\/","title":{"rendered":"Cidade que mais cresce no Brasil com quase 80 mil habitantes tem uma das popula\u00e7\u00f5es mais ricas do pa\u00eds"},"content":{"rendered":"\n<p>O \u00faltimo Censo do IBGE revelou transforma\u00e7\u00f5es profundas na din\u00e2mica urbana brasileira. Algumas cidades cresceram em ritmo muito superior ao esperado e chamaram aten\u00e7\u00e3o pelos n\u00fameros expressivos. Entre elas, Cana\u00e3 dos Caraj\u00e1s se destaca como o caso mais impressionante.<\/p>\n\n\n\n<p>O munic\u00edpio paraense quase triplicou sua popula\u00e7\u00e3o entre 2010 e 2022. Passou de pouco mais de 26 mil moradores para mais de 77 mil habitantes, consolidando-se como a cidade que mais cresce no Brasil. O avan\u00e7o confirma a for\u00e7a da minera\u00e7\u00e3o como motor de desenvolvimento regional.<\/p>\n\n\n\n<figure class=\"wp-block-image size-large\"><img loading=\"lazy\" decoding=\"async\" width=\"1024\" height=\"575\" src=\"https:\/\/diariodaregiao.audiencelabs.com.br\/wp-content\/uploads\/2025\/11\/topsphere-media-CDKAIH4Ud7c-unsplash-1024x575.jpg\" alt=\"\" class=\"wp-image-2917\" srcset=\"https:\/\/diariodaregiao.audiencelabs.com.br\/wp-content\/uploads\/2025\/11\/topsphere-media-CDKAIH4Ud7c-unsplash-1024x575.jpg 1024w, https:\/\/diariodaregiao.audiencelabs.com.br\/wp-content\/uploads\/2025\/11\/topsphere-media-CDKAIH4Ud7c-unsplash-300x168.jpg 300w, https:\/\/diariodaregiao.audiencelabs.com.br\/wp-content\/uploads\/2025\/11\/topsphere-media-CDKAIH4Ud7c-unsplash-768x431.jpg 768w, https:\/\/diariodaregiao.audiencelabs.com.br\/wp-content\/uploads\/2025\/11\/topsphere-media-CDKAIH4Ud7c-unsplash-1536x862.jpg 1536w, https:\/\/diariodaregiao.audiencelabs.com.br\/wp-content\/uploads\/2025\/11\/topsphere-media-CDKAIH4Ud7c-unsplash-750x421.jpg 750w, https:\/\/diariodaregiao.audiencelabs.com.br\/wp-content\/uploads\/2025\/11\/topsphere-media-CDKAIH4Ud7c-unsplash-1140x640.jpg 1140w, https:\/\/diariodaregiao.audiencelabs.com.br\/wp-content\/uploads\/2025\/11\/topsphere-media-CDKAIH4Ud7c-unsplash.jpg 1920w\" sizes=\"auto, (max-width: 1024px) 100vw, 1024px\" \/><figcaption class=\"wp-element-caption\">Cr\u00e9ditos: Foto de TopSphere Media na Unsplash<\/figcaption><\/figure>\n\n\n\n<p>A presen\u00e7a da mina S11D, o maior investimento recente da Vale, foi decisiva nesse processo. O projeto ampliou a oferta de empregos e atraiu trabalhadores de diversos Estados do pa\u00eds. Muitas fam\u00edlias migraram para a regi\u00e3o motivadas pela promessa de estabilidade financeira.<\/p>\n\n\n\n<h3 class=\"wp-block-heading\">Onda migrat\u00f3ria redefine a economia local<\/h3>\n\n\n\n<p>Esse movimento renovou um ciclo que j\u00e1 havia ocorrido nos anos 1980 com o Projeto Caraj\u00e1s. A cidade, ainda jovem como munic\u00edpio emancipado, voltou a se reestruturar para absorver a chegada constante de novos moradores.<\/p>\n\n\n\n<p>A demanda por moradias, servi\u00e7os e infraestrutura aumentou de forma cont\u00ednua. Novos com\u00e9rcios surgiram para atender \u00e0 popula\u00e7\u00e3o em expans\u00e3o. Empresas de diferentes setores passaram a se instalar na cidade impulsionadas pela atividade mineradora.<\/p>\n\n\n<style>@media (min-width: 992px) {\n    .recomendadorV2Area1 {\n        width: 280px;\n    }\n    .recomendadorV2Area2 {\n        padding: 0px 20px;\n        width: calc(100% - 280px);\n    }\n}\n\n@media (max-width: 992px) {\n    .recomendadorV2Button {\n        margin: 0 auto;\n    }\n    .recomendadorV2Area {\n        flex-direction: column;\n        text-align: center;\n    }\n    .recomendadorV2Area2 {\n        padding: 0px 20px;\n    }\n}\n\n.recomendadorV2Area {\n    background: #eeeeee3d;\n    border-radius: 10px;\n    padding: 15px;\n    display: flex;\n    margin: 15px auto;\n    border: 1px solid #00000014;\n    max-width: 800px;\n}\n\n.recomendadorV2Area1 img {\n    width: 280px;\n    height: auto;\n    border-radius: 8px;\n}\n\n.linkrecomendadorv2 {\n    text-decoration: none !important;\n}\n\n.recomendadorV2Area2 .recomendadorV2Type {\n    text-transform: uppercase;\n    font-weight: 500;\n    font-size: 11px;\n    letter-spacing: 2px;\n    color: #666;\n    margin: 12px 0;\n    display: block;\n}\n\n.recomendadorV2Title h2 {\n    padding-top: 0px !important;\n    margin: 0px !important;\n    border-left: none !important;\n    padding-left: 0px !important;\n    line-height: 1.3;\n    color: #000 !important;\n    font-size: 24px;\n    margin-bottom: 12px !important;\n}\n\n.recomendadorV2Desc {\n    color: #333;\n    margin: 12px 0px !important;\n    font-size: 15px;\n    line-height: 1.5;\n}\n\n.recomendadorV2Button {\n    width: auto;\n    max-width: 200px;\n    margin: 0;\n    display: inline-flex;\n    align-items: center;\n    background: #1D3557;\n    border-radius: 8px;\n    color: #fff;\n    height: 36px;\n    justify-content: center;\n    text-align: center;\n    font-size: 14px;\n    padding: 0 20px;\n    transition: background-color 0.2s ease;\n}\n\n.recomendadorV2Button:hover {\n    background: #2a4d7a;\n}\n\n.recomendadorV2Button:after {\n    margin-top: -2px;\n    content: \"\u2192\";\n    padding: 0px 0px 0px 8px;\n}\n\n.recomendadorV2Alert {\n    text-align: left;\n    font-size: 11px;\n    margin-top: 8px;\n    color: #666;\n}\n\n.recomendadorFixedArea {\n    width: 100%;\n    display: flex;\n    justify-content: center;\n    align-items: center;\n}\n\n@media (min-width: 992px) {\n    #recomendadorFixed {\n        width: 32% !important;\n        left: 5%;\n    }\n    .recomendadorCloseFixed{\n        right: inherit !important;\n        left: 378px !important;\n    }\n}\n\n#recomendadorFixed {\n    width: 90%;\n    box-shadow: 0 10px 20px 0px #00000057;\n    display: none;\n    height: 90px;\n    background: #F6F6F6;\n    position: fixed;\n    flex-direction: row;\n    bottom: 10px;\n    z-index: 9999;\n    border-radius: 16px;\n    padding: 7px 10px;\n}\n\n.recomendadorLeftArea {\n    width: 160px;\n}\n\n.recomendadorRightArea h2 {\n    padding-top: 0px;\n    margin: 2px 0px 4px 0px !important;\n    font-weight: 400;\n    text-align: center;\n    padding-left: 0px !important;\n    color: #000 !important;\n    border-left: none !important;\n    line-height: 20px;\n    font-size: 12px !important;\n}\n\n.recomendadorImgFixed {\n    overflow: hidden;\n    padding: 8px 6px;\n    height: 100%;\n}\n\n.recomendadorImgFixed img {\n    height: 100% !important;\n    border-radius: 16px;\n}\n\n.recomendadorRightArea {\n    padding-top: 6px;\n    display: flex;\n    width: calc(100% - 130px);\n    justify-content: space-between;\n    align-items: center;\n    flex-direction: column;\n}\n\n.recomendadorButtonFixed {\n    margin: 0 auto;\n    background: #1D3557;\n    width: 80%;\n    text-align: center;\n    font-size: 10px;\n    color: #FFF;\n    padding: 2px 10px;\n    border-radius: 3px;\n}\n\n.recomendadorButtonFixed:after {\n    margin-top: -3px;\n    content: \"\u2192\";\n    padding: 0px 0px 0px 10px;\n}\n\n.recomendadorAlertFixed {\n    font-weight: 400;\n    text-align: center;\n    color: #484848;\n    font-size: 8px;\n}\n\n.recomendadorCloseFixed {\n    z-index: 99999;\n    display: none;\n    right: 0px;\n    left: inherit;\n    bottom: 99px;\n    position: fixed;\n    justify-content: center;\n    background: #F6F6F6;\n    width: 25px;\n    align-items: center;\n    height: 25px;\n    font-weight: 800;\n    border-radius: 50%;\n    border: 1px solid #EBEBEB;\n}\n\n.recomendadorV2Desc{\n    color: #000000;\n    margin: 20px 0px;\n}\n\n@media (max-width: 576px) {\n    .recomendadorV2Area {\n      padding: 10px;\n      max-width: 100%;\n    }\n  \n    .recomendadorV2Area1 img {\n      width: 100%;\n      border-radius: 6px;\n    }\n  \n    .recomendadorV2Area2 .recomendadorV2Type {\n      font-size: 9px;\n      letter-spacing: 1px;\n      margin: 8px 0;\n    }\n  \n    .recomendadorV2Title h2 {\n      font-size: 18px !important;\n      margin-bottom: 8px !important;\n      line-height: 1.2;\n    }\n  \n    .recomendadorV2Desc {\n      font-size: 14px;\n      margin: 8px 0 !important;\n      line-height: 1.4;\n    }\n  \n    .recomendadorV2Button {\n      font-size: 12px;\n      height: 30px;\n      padding: 0 12px;\n      max-width: 160px;\n    }\n  \n    .recomendadorV2Button:after {\n      padding-left: 6px;\n    }\n  }\n  <\/style>\n        <div class=\"lazyblock-recomendador-v2-2jDGz wp-block-lazyblock-recomendador-v2\">\n        <a class=\"linkrecomendadorv2\" href=\"https:\/\/diariodaregiao.com.br\/variedades\/cidade-fundamental-de-sao-paulo-com-418-mil-habitantes-pode-ser-engolida-pelo-mar-ate-2050-diz-estudo\/?utm_source=lazy\" target=\"_blank\" rel=\"noopener\">\n            <div class=\"recomendadorV2Area\">\n            <div class=\"recomendadorV2Area1\">\n                <div class=\"recomendadorV2Img\">\n                <img class=\"lazyloaded\" decoding=\"async\" src=\"https:\/\/diariodaregiao.com.br\/variedades\/wp-content\/uploads\/2025\/11\/santos-hoje-1140x570.jpg\" data-src=\"https:\/\/diariodaregiao.com.br\/variedades\/wp-content\/uploads\/2025\/11\/santos-hoje-1140x570.jpg\" alt=\"\">\n                <\/div>\n            <\/div>\n            <div class=\"recomendadorV2Area2\">\n                <div class=\"recomendadorV2Type\">\n                    <span>Risco costal<\/span>\n                <\/div>\n                <div class=\"recomendadorV2Title\">\n                <h2><span>Cidade amea\u00e7ada em SP \ud83c\udf0a<\/span><\/h2>\n                <\/div>\n                <div class=\"recomendadorV2Desc\">\n                <span>Estudo indica que munic\u00edpio pode ser engolido pelo mar<\/span>\n                <\/div>\n                <div class=\"recomendadorV2Button\">Leia o alerta<\/div>\n                <div class=\"recomendadorV2Alert\"><\/div>\n            <\/div>\n            <\/div>\n        <\/a>\n        <div>\n            <div style=\"z-index:99999;\" id=\"buttonClose\" onclick=\"closeRecomendadorFixed()\">\n            <div class=\"recomendadorCloseFixed\">X<\/div>\n            <\/div>\n            <a href=\"https:\/\/diariodaregiao.com.br\/variedades\/cidade-fundamental-de-sao-paulo-com-418-mil-habitantes-pode-ser-engolida-pelo-mar-ate-2050-diz-estudo\/?utm_source=lazy\" target=\"_blank\" rel=\"noopener\">\n            <div class=\"recomendadorFixedArea\">\n                <div id=\"recomendadorFixed\">\n                <div class=\"recomendadorLeftArea\">\n                    <div class=\"recomendadorImgFixed\">\n                    <img class=\"lazyload\" decoding=\"async\" src=\"https:\/\/diariodaregiao.com.br\/variedades\/wp-content\/uploads\/2025\/11\/santos-hoje-1140x570.jpg\" alt=\"\">\n                    <\/div>\n                <\/div>\n                <div class=\"recomendadorRightArea\">\n                    <div class=\"recomendadorTitleFixed\">\n                    <h2><span>Cidade amea\u00e7ada em SP \ud83c\udf0a<\/span><\/h2>\n                    <\/div>\n                    <div class=\"recomendadorButtonFixed\">Leia o alerta<\/div>\n                    <div class=\"recomendadorAlertFixed\"><\/div>\n                <\/div>\n                <\/div>\n            <\/div>\n            <\/a>\n        <\/div>\n        <\/div>\n\n\n\n<p>Ao mesmo tempo, a economia local se tornou mais din\u00e2mica. A circula\u00e7\u00e3o de renda cresceu e estimulou investimentos em \u00e1reas como educa\u00e7\u00e3o, sa\u00fade e lazer. O munic\u00edpio passou a figurar no mapa de oportunidades de toda a regi\u00e3o Norte.<\/p>\n\n\n\n<p>Com uma ind\u00fastria de extra\u00e7\u00e3o mineral robusta, Cana\u00e3 dos Caraj\u00e1s alcan\u00e7ou uma das maiores rendas per capita do pa\u00eds. O desempenho econ\u00f4mico se destaca no Par\u00e1 e coloca o munic\u00edpio entre os mais pr\u00f3speros do Brasil. O setor mineral \u00e9 hoje a base que sustenta essa prosperidade.<\/p>\n","protected":false},"excerpt":{"rendered":"<p>O \u00faltimo Censo do IBGE revelou transforma\u00e7\u00f5es profundas na din\u00e2mica urbana brasileira. Algumas cidades cresceram em ritmo muito superior ao esperado e chamaram aten\u00e7\u00e3o pelos n\u00fameros expressivos. Entre elas, Cana\u00e3 dos Caraj\u00e1s se destaca como o caso mais impressionante. O munic\u00edpio paraense quase triplicou sua popula\u00e7\u00e3o entre 2010 e 2022. Passou de pouco mais de [&hellip;]<\/p>\n","protected":false},"author":5,"featured_media":0,"comment_status":"open","ping_status":"open","sticky":false,"template":"","format":"standard","meta":{"jnews-multi-image_gallery":[],"jnews_single_post":{"format":"standard"},"jnews_primary_category":[],"jnews_social_meta":[],"jnews_post_split":[],"footnotes":""},"categories":[1],"tags":[],"class_list":["post-2913","post","type-post","status-publish","format-standard","hentry","category-variedades"],"_links":{"self":[{"href":"https:\/\/diariodaregiao.audiencelabs.com.br\/wp-json\/wp\/v2\/posts\/2913","targetHints":{"allow":["GET"]}}],"collection":[{"href":"https:\/\/diariodaregiao.audiencelabs.com.br\/wp-json\/wp\/v2\/posts"}],"about":[{"href":"https:\/\/diariodaregiao.audiencelabs.com.br\/wp-json\/wp\/v2\/types\/post"}],"author":[{"embeddable":true,"href":"https:\/\/diariodaregiao.audiencelabs.com.br\/wp-json\/wp\/v2\/users\/5"}],"replies":[{"embeddable":true,"href":"https:\/\/diariodaregiao.audiencelabs.com.br\/wp-json\/wp\/v2\/comments?post=2913"}],"version-history":[{"count":8,"href":"https:\/\/diariodaregiao.audiencelabs.com.br\/wp-json\/wp\/v2\/posts\/2913\/revisions"}],"predecessor-version":[{"id":3243,"href":"https:\/\/diariodaregiao.audiencelabs.com.br\/wp-json\/wp\/v2\/posts\/2913\/revisions\/3243"}],"wp:attachment":[{"href":"https:\/\/diariodaregiao.audiencelabs.com.br\/wp-json\/wp\/v2\/media?parent=2913"}],"wp:term":[{"taxonomy":"category","embeddable":true,"href":"https:\/\/diariodaregiao.audiencelabs.com.br\/wp-json\/wp\/v2\/categories?post=2913"},{"taxonomy":"post_tag","embeddable":true,"href":"https:\/\/diariodaregiao.audiencelabs.com.br\/wp-json\/wp\/v2\/tags?post=2913"}],"curies":[{"name":"wp","href":"https:\/\/api.w.org\/{rel}","templated":true}]}}