{"id":2919,"date":"2025-11-26T18:40:00","date_gmt":"2025-11-26T21:40:00","guid":{"rendered":"https:\/\/diariodaregiao.audiencelabs.com.br\/?p=2919"},"modified":"2025-11-26T14:23:30","modified_gmt":"2025-11-26T17:23:30","slug":"cientistas-determinam-que-velhice-nao-comeca-mais-aos-60-anos-e-nova-idade-foi-divulgada","status":"publish","type":"post","link":"https:\/\/diariodaregiao.audiencelabs.com.br\/cientistas-determinam-que-velhice-nao-comeca-mais-aos-60-anos-e-nova-idade-foi-divulgada\/","title":{"rendered":"Cientistas determinam que velhice n\u00e3o come\u00e7a mais aos 60 anos e nova idade foi divulgada"},"content":{"rendered":"\n<p>Uma nova an\u00e1lise cient\u00edfica revisou o entendimento sobre como o c\u00e9rebro evolui ao longo da vida. O estudo identificou mudan\u00e7as marcantes no funcionamento neural e revelou que o envelhecimento come\u00e7a mais tarde do que se imaginava.<\/p>\n\n\n\n<p>Os pesquisadores mapearam cinco fases distintas de desenvolvimento cerebral. Os marcos aparecem com nitidez nas conex\u00f5es entre neur\u00f4nios, evidenciando transi\u00e7\u00f5es aos 9, 32, 66 e 83 anos. A descoberta refor\u00e7a que o c\u00e9rebro n\u00e3o segue uma trajet\u00f3ria linear.<\/p>\n\n\n\n<figure class=\"wp-block-image size-large\"><img loading=\"lazy\" decoding=\"async\" width=\"1024\" height=\"683\" src=\"https:\/\/diariodaregiao.audiencelabs.com.br\/wp-content\/uploads\/2025\/11\/24114-1024x683.jpg\" alt=\"\" class=\"wp-image-2925\" srcset=\"https:\/\/diariodaregiao.audiencelabs.com.br\/wp-content\/uploads\/2025\/11\/24114-1024x683.jpg 1024w, https:\/\/diariodaregiao.audiencelabs.com.br\/wp-content\/uploads\/2025\/11\/24114-300x200.jpg 300w, https:\/\/diariodaregiao.audiencelabs.com.br\/wp-content\/uploads\/2025\/11\/24114-768x512.jpg 768w, https:\/\/diariodaregiao.audiencelabs.com.br\/wp-content\/uploads\/2025\/11\/24114-750x500.jpg 750w, https:\/\/diariodaregiao.audiencelabs.com.br\/wp-content\/uploads\/2025\/11\/24114-1140x760.jpg 1140w, https:\/\/diariodaregiao.audiencelabs.com.br\/wp-content\/uploads\/2025\/11\/24114.jpg 1500w\" sizes=\"auto, (max-width: 1024px) 100vw, 1024px\" \/><figcaption class=\"wp-element-caption\">Cr\u00e9ditos: Imagem de lookstudio via Freepik <\/figcaption><\/figure>\n\n\n\n<h3 class=\"wp-block-heading\">Da inf\u00e2ncia \u00e0 maturidade avan\u00e7ada<\/h3>\n\n\n\n<p>A inf\u00e2ncia permanece como fase de intensa forma\u00e7\u00e3o, seguida por uma adolesc\u00eancia que se estende at\u00e9 os 32 anos. Os cientistas afirmam que o c\u00e9rebro s\u00f3 atinge seu \u00e1pice funcional no in\u00edcio da vida adulta. Essa etapa vai at\u00e9 os 66 anos e se caracteriza por estabilidade nas conex\u00f5es.<\/p>\n\n\n\n<p>A partir da\u00ed tem in\u00edcio o chamado envelhecimento inicial, que se estende at\u00e9 os 83 anos. Essa fase traz reorganiza\u00e7\u00f5es importantes, mas sem quedas bruscas de desempenho. As redes deixam de atuar como um \u00fanico grande sistema.<\/p>\n\n\n\n<p>Pesquisadores explicam que o c\u00e9rebro passa a funcionar em m\u00f3dulos mais independentes. \u00c9 como se uma banda afinada come\u00e7asse a explorar caminhos individuais, mantendo harmonia, mas com menos integra\u00e7\u00e3o completa. O padr\u00e3o indica adapta\u00e7\u00f5es naturais ligadas ao avan\u00e7o da idade.<\/p>\n\n\n\n<h3 class=\"wp-block-heading\">Transforma\u00e7\u00f5es ajudam a explicar doen\u00e7as relacionadas a idade<\/h3>\n\n\n\n<p>Ap\u00f3s os 83 anos ocorre o envelhecimento avan\u00e7ado, \u00faltima etapa identificada no estudo. Essa fase marca a separa\u00e7\u00e3o mais acentuada das redes neurais e tem rela\u00e7\u00e3o com maior vulnerabilidade a transtornos neurol\u00f3gicos. Ainda assim, n\u00e3o representa um decl\u00ednio inevit\u00e1vel.<\/p>\n\n\n\n<p>Os dados foram obtidos por meio de exames realizados em cerca de 4 mil volunt\u00e1rios. O grande volume de registros permitiu observar tend\u00eancias antes invis\u00edveis em pesquisas menores. Os especialistas ressaltam que algumas pessoas atravessam essas fases mais cedo ou mais tarde.<\/p>\n\n\n\n<p>As conclus\u00f5es ajudam a compreender por que riscos como dem\u00eancia e hipertens\u00e3o variam conforme a idade. Tamb\u00e9m refor\u00e7am a import\u00e2ncia de acompanhar a sa\u00fade cerebral ao longo da vida. <\/p>\n","protected":false},"excerpt":{"rendered":"<p>Uma nova an\u00e1lise cient\u00edfica revisou o entendimento sobre como o c\u00e9rebro evolui ao longo da vida. O estudo identificou mudan\u00e7as marcantes no funcionamento neural e revelou que o envelhecimento come\u00e7a mais tarde do que se imaginava. Os pesquisadores mapearam cinco fases distintas de desenvolvimento cerebral. Os marcos aparecem com nitidez nas conex\u00f5es entre neur\u00f4nios, evidenciando [&hellip;]<\/p>\n","protected":false},"author":5,"featured_media":2924,"comment_status":"open","ping_status":"open","sticky":false,"template":"","format":"standard","meta":{"jnews-multi-image_gallery":[],"jnews_single_post":{"format":"standard"},"jnews_primary_category":[],"jnews_social_meta":[],"jnews_post_split":[],"footnotes":""},"categories":[1],"tags":[],"class_list":["post-2919","post","type-post","status-publish","format-standard","has-post-thumbnail","hentry","category-variedades"],"_links":{"self":[{"href":"https:\/\/diariodaregiao.audiencelabs.com.br\/wp-json\/wp\/v2\/posts\/2919","targetHints":{"allow":["GET"]}}],"collection":[{"href":"https:\/\/diariodaregiao.audiencelabs.com.br\/wp-json\/wp\/v2\/posts"}],"about":[{"href":"https:\/\/diariodaregiao.audiencelabs.com.br\/wp-json\/wp\/v2\/types\/post"}],"author":[{"embeddable":true,"href":"https:\/\/diariodaregiao.audiencelabs.com.br\/wp-json\/wp\/v2\/users\/5"}],"replies":[{"embeddable":true,"href":"https:\/\/diariodaregiao.audiencelabs.com.br\/wp-json\/wp\/v2\/comments?post=2919"}],"version-history":[{"count":2,"href":"https:\/\/diariodaregiao.audiencelabs.com.br\/wp-json\/wp\/v2\/posts\/2919\/revisions"}],"predecessor-version":[{"id":2928,"href":"https:\/\/diariodaregiao.audiencelabs.com.br\/wp-json\/wp\/v2\/posts\/2919\/revisions\/2928"}],"wp:featuredmedia":[{"embeddable":true,"href":"https:\/\/diariodaregiao.audiencelabs.com.br\/wp-json\/wp\/v2\/media\/2924"}],"wp:attachment":[{"href":"https:\/\/diariodaregiao.audiencelabs.com.br\/wp-json\/wp\/v2\/media?parent=2919"}],"wp:term":[{"taxonomy":"category","embeddable":true,"href":"https:\/\/diariodaregiao.audiencelabs.com.br\/wp-json\/wp\/v2\/categories?post=2919"},{"taxonomy":"post_tag","embeddable":true,"href":"https:\/\/diariodaregiao.audiencelabs.com.br\/wp-json\/wp\/v2\/tags?post=2919"}],"curies":[{"name":"wp","href":"https:\/\/api.w.org\/{rel}","templated":true}]}}