{"id":2927,"date":"2025-11-26T18:00:00","date_gmt":"2025-11-26T21:00:00","guid":{"rendered":"https:\/\/diariodaregiao.audiencelabs.com.br\/?p=2927"},"modified":"2025-11-26T14:29:19","modified_gmt":"2025-11-26T17:29:19","slug":"governo-executivo-vai-dar-bonus-educacional-de-cerca-de-r-9-milhoes-para-servidores-da-area","status":"publish","type":"post","link":"https:\/\/diariodaregiao.audiencelabs.com.br\/governo-executivo-vai-dar-bonus-educacional-de-cerca-de-r-9-milhoes-para-servidores-da-area\/","title":{"rendered":"Governo Executivo vai dar B\u00f4nus Educacional de cerca de R$ 9 milh\u00f5es para servidores da \u00e1rea"},"content":{"rendered":"\n<p>A Prefeitura de Ipojuca confirmou que servidores da educa\u00e7\u00e3o receber\u00e3o um b\u00f4nus de desempenho ainda neste m\u00eas. A iniciativa refor\u00e7a a pol\u00edtica municipal de valoriza\u00e7\u00e3o profissional. O objetivo \u00e9 incentivar pr\u00e1ticas que melhorem o aprendizado dos estudantes.<\/p>\n\n\n\n<p>O benef\u00edcio ser\u00e1 pago pela Secretaria de Educa\u00e7\u00e3o e corresponde ao ciclo de avalia\u00e7\u00e3o de 2025. Ele contempla trabalhadores que cumpriram, total ou parcialmente, as metas estabelecidas pela gest\u00e3o atual. A medida reconhece o esfor\u00e7o de quem atua diariamente nas escolas.<\/p>\n\n\n\n<figure class=\"wp-block-image size-large\"><img loading=\"lazy\" decoding=\"async\" width=\"1024\" height=\"576\" src=\"https:\/\/diariodaregiao.audiencelabs.com.br\/wp-content\/uploads\/2025\/11\/2147923380-1024x576.jpg\" alt=\"\" class=\"wp-image-2929\" srcset=\"https:\/\/diariodaregiao.audiencelabs.com.br\/wp-content\/uploads\/2025\/11\/2147923380-1024x576.jpg 1024w, https:\/\/diariodaregiao.audiencelabs.com.br\/wp-content\/uploads\/2025\/11\/2147923380-300x169.jpg 300w, https:\/\/diariodaregiao.audiencelabs.com.br\/wp-content\/uploads\/2025\/11\/2147923380-768x432.jpg 768w, https:\/\/diariodaregiao.audiencelabs.com.br\/wp-content\/uploads\/2025\/11\/2147923380-750x422.jpg 750w, https:\/\/diariodaregiao.audiencelabs.com.br\/wp-content\/uploads\/2025\/11\/2147923380-1140x641.jpg 1140w, https:\/\/diariodaregiao.audiencelabs.com.br\/wp-content\/uploads\/2025\/11\/2147923380.jpg 1500w\" sizes=\"auto, (max-width: 1024px) 100vw, 1024px\" \/><figcaption class=\"wp-element-caption\">Cr\u00e9ditos: Imagem de Freepik<\/figcaption><\/figure>\n\n\n\n<p>O programa inclui professores, auxiliares, equipes administrativas e demais servidores da \u00e1rea. A prefeitura ressalta que a qualidade da educa\u00e7\u00e3o depende do trabalho conjunto realizado nas unidades. <\/p>\n\n\n\n<p>Por isso, o b\u00f4nus foi ampliado para alcan\u00e7ar diferentes fun\u00e7\u00f5es. Vale lembrar que os prefeitos s\u00e3o parte do poder Executivo, assim como os Governadores e Presidentes.<\/p>\n\n\n\n<h3 class=\"wp-block-heading\">Investimento alcan\u00e7a milhares de servidores da rede municipal<\/h3>\n\n\n\n<p>Segundo o munic\u00edpio, mais de 2.300 profissionais ser\u00e3o beneficiados com o pagamento. A verba destinada ao b\u00f4nus chega a aproximadamente R$ 9 milh\u00f5es. O valor ser\u00e1 distribu\u00eddo entre 66 unidades que integram a rede de ensino local.<\/p>\n\n\n\n<p>A administra\u00e7\u00e3o afirma que o incentivo busca fortalecer os resultados das escolas. O b\u00f4nus funciona como est\u00edmulo adicional para que as equipes mantenham o foco nas metas pedag\u00f3gicas. O impacto esperado inclui avan\u00e7os no desempenho dos estudantes.<\/p>\n\n\n\n<p>O pagamento tamb\u00e9m representa reconhecimento pelo esfor\u00e7o desempenhado ao longo do ano letivo. Para a gest\u00e3o municipal, estimular os servidores \u00e9 essencial para manter a motiva\u00e7\u00e3o interna. O resultado disso tende a refletir positivamente na rotina escolar.<\/p>\n\n\n\n<h3 class=\"wp-block-heading\">Valoriza\u00e7\u00e3o refor\u00e7a compromisso com a educa\u00e7\u00e3o p\u00fablica<\/h3>\n\n\n\n<p>A prefeitura afirma que o incentivo financeiro \u00e9 parte de uma pol\u00edtica cont\u00ednua. A inten\u00e7\u00e3o \u00e9 construir um ambiente de trabalho mais est\u00e1vel e produtivo. Medidas como essa buscam consolidar uma rede de ensino mais estruturada.<\/p>\n\n\n\n<p>Autoridades municipais destacam que a valoriza\u00e7\u00e3o dos trabalhadores \u00e9 fundamental para o avan\u00e7o da educa\u00e7\u00e3o. A administra\u00e7\u00e3o aposta na uni\u00e3o entre gest\u00e3o e servidores para melhorar indicadores. Com o b\u00f4nus, Ipojuca reafirma seu compromisso com a qualidade do ensino p\u00fablico.<\/p>\n","protected":false},"excerpt":{"rendered":"<p>A Prefeitura de Ipojuca confirmou que servidores da educa\u00e7\u00e3o receber\u00e3o um b\u00f4nus de desempenho ainda neste m\u00eas. A iniciativa refor\u00e7a a pol\u00edtica municipal de valoriza\u00e7\u00e3o profissional. O objetivo \u00e9 incentivar pr\u00e1ticas que melhorem o aprendizado dos estudantes. O benef\u00edcio ser\u00e1 pago pela Secretaria de Educa\u00e7\u00e3o e corresponde ao ciclo de avalia\u00e7\u00e3o de 2025. Ele contempla [&hellip;]<\/p>\n","protected":false},"author":5,"featured_media":2931,"comment_status":"open","ping_status":"open","sticky":false,"template":"","format":"standard","meta":{"jnews-multi-image_gallery":[],"jnews_single_post":{"format":"standard"},"jnews_primary_category":[],"jnews_social_meta":[],"jnews_post_split":[],"footnotes":""},"categories":[1],"tags":[],"class_list":["post-2927","post","type-post","status-publish","format-standard","has-post-thumbnail","hentry","category-variedades"],"_links":{"self":[{"href":"https:\/\/diariodaregiao.audiencelabs.com.br\/wp-json\/wp\/v2\/posts\/2927","targetHints":{"allow":["GET"]}}],"collection":[{"href":"https:\/\/diariodaregiao.audiencelabs.com.br\/wp-json\/wp\/v2\/posts"}],"about":[{"href":"https:\/\/diariodaregiao.audiencelabs.com.br\/wp-json\/wp\/v2\/types\/post"}],"author":[{"embeddable":true,"href":"https:\/\/diariodaregiao.audiencelabs.com.br\/wp-json\/wp\/v2\/users\/5"}],"replies":[{"embeddable":true,"href":"https:\/\/diariodaregiao.audiencelabs.com.br\/wp-json\/wp\/v2\/comments?post=2927"}],"version-history":[{"count":3,"href":"https:\/\/diariodaregiao.audiencelabs.com.br\/wp-json\/wp\/v2\/posts\/2927\/revisions"}],"predecessor-version":[{"id":2935,"href":"https:\/\/diariodaregiao.audiencelabs.com.br\/wp-json\/wp\/v2\/posts\/2927\/revisions\/2935"}],"wp:featuredmedia":[{"embeddable":true,"href":"https:\/\/diariodaregiao.audiencelabs.com.br\/wp-json\/wp\/v2\/media\/2931"}],"wp:attachment":[{"href":"https:\/\/diariodaregiao.audiencelabs.com.br\/wp-json\/wp\/v2\/media?parent=2927"}],"wp:term":[{"taxonomy":"category","embeddable":true,"href":"https:\/\/diariodaregiao.audiencelabs.com.br\/wp-json\/wp\/v2\/categories?post=2927"},{"taxonomy":"post_tag","embeddable":true,"href":"https:\/\/diariodaregiao.audiencelabs.com.br\/wp-json\/wp\/v2\/tags?post=2927"}],"curies":[{"name":"wp","href":"https:\/\/api.w.org\/{rel}","templated":true}]}}