{"id":2939,"date":"2025-11-27T04:40:00","date_gmt":"2025-11-27T07:40:00","guid":{"rendered":"https:\/\/diariodaregiao.audiencelabs.com.br\/?p=2939"},"modified":"2025-11-26T16:28:57","modified_gmt":"2025-11-26T19:28:57","slug":"justica-permite-saque-do-fgts-para-bancar-gravidez","status":"publish","type":"post","link":"https:\/\/diariodaregiao.audiencelabs.com.br\/justica-permite-saque-do-fgts-para-bancar-gravidez\/","title":{"rendered":"Justi\u00e7a permite saque do FGTS para bancar gravidez"},"content":{"rendered":"\n<p>A Justi\u00e7a Federal do Rio Grande do Sul autorizou que uma trabalhadora utilize parte do saldo do FGTS para custear fertiliza\u00e7\u00e3o in vitro. A decis\u00e3o destaca o peso constitucional do direito ao planejamento familiar e da dignidade humana.<\/p>\n\n\n\n<p>O caso envolve uma mulher que buscava realizar o tratamento indicado por equipe m\u00e9dica especializada. O custo elevado tornou invi\u00e1vel o pagamento sem apoio financeiro, levando ao pedido de libera\u00e7\u00e3o do fundo.<\/p>\n\n\n\n<figure class=\"wp-block-image size-large\"><img loading=\"lazy\" decoding=\"async\" width=\"1024\" height=\"613\" src=\"https:\/\/diariodaregiao.audiencelabs.com.br\/wp-content\/uploads\/2025\/11\/mg_8451-1024x613.webp\" alt=\"\" class=\"wp-image-2945\" srcset=\"https:\/\/diariodaregiao.audiencelabs.com.br\/wp-content\/uploads\/2025\/11\/mg_8451-1024x613.webp 1024w, https:\/\/diariodaregiao.audiencelabs.com.br\/wp-content\/uploads\/2025\/11\/mg_8451-300x179.webp 300w, https:\/\/diariodaregiao.audiencelabs.com.br\/wp-content\/uploads\/2025\/11\/mg_8451-768x459.webp 768w, https:\/\/diariodaregiao.audiencelabs.com.br\/wp-content\/uploads\/2025\/11\/mg_8451-750x449.webp 750w, https:\/\/diariodaregiao.audiencelabs.com.br\/wp-content\/uploads\/2025\/11\/mg_8451-1140x682.webp 1140w, https:\/\/diariodaregiao.audiencelabs.com.br\/wp-content\/uploads\/2025\/11\/mg_8451.webp 1170w\" sizes=\"auto, (max-width: 1024px) 100vw, 1024px\" \/><figcaption class=\"wp-element-caption\">Cr\u00e9ditos: Jo\u00e9dson Alves\/Ag\u00eancia Brasil<\/figcaption><\/figure>\n\n\n\n<p>Diante da negativa administrativa, baseada na aus\u00eancia de previs\u00e3o literal na lei do FGTS, a autora recorreu ao Judici\u00e1rio. O entendimento judicial reconheceu que a rigidez da norma n\u00e3o poderia impedir a realiza\u00e7\u00e3o de um direito fundamental.<\/p>\n\n\n\n<p>A decis\u00e3o ressalta que o FGTS n\u00e3o se limita a situa\u00e7\u00f5es cl\u00e1ssicas, como demiss\u00e3o ou aquisi\u00e7\u00e3o de moradia. O fundo tamb\u00e9m possui fun\u00e7\u00e3o social, voltada \u00e0 prote\u00e7\u00e3o do trabalhador e de seu n\u00facleo familiar.<\/p>\n\n\n\n<h3 class=\"wp-block-heading\">Direitos constitucionais orientam interpreta\u00e7\u00e3o da lei<\/h3>\n\n\n<style>@media (min-width: 992px) {\n    .recomendadorV2Area1 {\n        width: 280px;\n    }\n    .recomendadorV2Area2 {\n        padding: 0px 20px;\n        width: calc(100% - 280px);\n    }\n}\n\n@media (max-width: 992px) {\n    .recomendadorV2Button {\n        margin: 0 auto;\n    }\n    .recomendadorV2Area {\n        flex-direction: column;\n        text-align: center;\n    }\n    .recomendadorV2Area2 {\n        padding: 0px 20px;\n    }\n}\n\n.recomendadorV2Area {\n    background: #eeeeee3d;\n    border-radius: 10px;\n    padding: 15px;\n    display: flex;\n    margin: 15px auto;\n    border: 1px solid #00000014;\n    max-width: 800px;\n}\n\n.recomendadorV2Area1 img {\n    width: 280px;\n    height: auto;\n    border-radius: 8px;\n}\n\n.linkrecomendadorv2 {\n    text-decoration: none !important;\n}\n\n.recomendadorV2Area2 .recomendadorV2Type {\n    text-transform: uppercase;\n    font-weight: 500;\n    font-size: 11px;\n    letter-spacing: 2px;\n    color: #666;\n    margin: 12px 0;\n    display: block;\n}\n\n.recomendadorV2Title h2 {\n    padding-top: 0px !important;\n    margin: 0px !important;\n    border-left: none !important;\n    padding-left: 0px !important;\n    line-height: 1.3;\n    color: #000 !important;\n    font-size: 24px;\n    margin-bottom: 12px !important;\n}\n\n.recomendadorV2Desc {\n    color: #333;\n    margin: 12px 0px !important;\n    font-size: 15px;\n    line-height: 1.5;\n}\n\n.recomendadorV2Button {\n    width: auto;\n    max-width: 200px;\n    margin: 0;\n    display: inline-flex;\n    align-items: center;\n    background: #1D3557;\n    border-radius: 8px;\n    color: #fff;\n    height: 36px;\n    justify-content: center;\n    text-align: center;\n    font-size: 14px;\n    padding: 0 20px;\n    transition: background-color 0.2s ease;\n}\n\n.recomendadorV2Button:hover {\n    background: #2a4d7a;\n}\n\n.recomendadorV2Button:after {\n    margin-top: -2px;\n    content: \"\u2192\";\n    padding: 0px 0px 0px 8px;\n}\n\n.recomendadorV2Alert {\n    text-align: left;\n    font-size: 11px;\n    margin-top: 8px;\n    color: #666;\n}\n\n.recomendadorFixedArea {\n    width: 100%;\n    display: flex;\n    justify-content: center;\n    align-items: center;\n}\n\n@media (min-width: 992px) {\n    #recomendadorFixed {\n        width: 32% !important;\n        left: 5%;\n    }\n    .recomendadorCloseFixed{\n        right: inherit !important;\n        left: 378px !important;\n    }\n}\n\n#recomendadorFixed {\n    width: 90%;\n    box-shadow: 0 10px 20px 0px #00000057;\n    display: none;\n    height: 90px;\n    background: #F6F6F6;\n    position: fixed;\n    flex-direction: row;\n    bottom: 10px;\n    z-index: 9999;\n    border-radius: 16px;\n    padding: 7px 10px;\n}\n\n.recomendadorLeftArea {\n    width: 160px;\n}\n\n.recomendadorRightArea h2 {\n    padding-top: 0px;\n    margin: 2px 0px 4px 0px !important;\n    font-weight: 400;\n    text-align: center;\n    padding-left: 0px !important;\n    color: #000 !important;\n    border-left: none !important;\n    line-height: 20px;\n    font-size: 12px !important;\n}\n\n.recomendadorImgFixed {\n    overflow: hidden;\n    padding: 8px 6px;\n    height: 100%;\n}\n\n.recomendadorImgFixed img {\n    height: 100% !important;\n    border-radius: 16px;\n}\n\n.recomendadorRightArea {\n    padding-top: 6px;\n    display: flex;\n    width: calc(100% - 130px);\n    justify-content: space-between;\n    align-items: center;\n    flex-direction: column;\n}\n\n.recomendadorButtonFixed {\n    margin: 0 auto;\n    background: #1D3557;\n    width: 80%;\n    text-align: center;\n    font-size: 10px;\n    color: #FFF;\n    padding: 2px 10px;\n    border-radius: 3px;\n}\n\n.recomendadorButtonFixed:after {\n    margin-top: -3px;\n    content: \"\u2192\";\n    padding: 0px 0px 0px 10px;\n}\n\n.recomendadorAlertFixed {\n    font-weight: 400;\n    text-align: center;\n    color: #484848;\n    font-size: 8px;\n}\n\n.recomendadorCloseFixed {\n    z-index: 99999;\n    display: none;\n    right: 0px;\n    left: inherit;\n    bottom: 99px;\n    position: fixed;\n    justify-content: center;\n    background: #F6F6F6;\n    width: 25px;\n    align-items: center;\n    height: 25px;\n    font-weight: 800;\n    border-radius: 50%;\n    border: 1px solid #EBEBEB;\n}\n\n.recomendadorV2Desc{\n    color: #000000;\n    margin: 20px 0px;\n}\n\n@media (max-width: 576px) {\n    .recomendadorV2Area {\n      padding: 10px;\n      max-width: 100%;\n    }\n  \n    .recomendadorV2Area1 img {\n      width: 100%;\n      border-radius: 6px;\n    }\n  \n    .recomendadorV2Area2 .recomendadorV2Type {\n      font-size: 9px;\n      letter-spacing: 1px;\n      margin: 8px 0;\n    }\n  \n    .recomendadorV2Title h2 {\n      font-size: 18px !important;\n      margin-bottom: 8px !important;\n      line-height: 1.2;\n    }\n  \n    .recomendadorV2Desc {\n      font-size: 14px;\n      margin: 8px 0 !important;\n      line-height: 1.4;\n    }\n  \n    .recomendadorV2Button {\n      font-size: 12px;\n      height: 30px;\n      padding: 0 12px;\n      max-width: 160px;\n    }\n  \n    .recomendadorV2Button:after {\n      padding-left: 6px;\n    }\n  }\n  <\/style>\n        <div class=\"lazyblock-recomendador-v2-2jDGz wp-block-lazyblock-recomendador-v2\">\n        <a class=\"linkrecomendadorv2\" href=\"https:\/\/diariodaregiao.com.br\/variedades\/governo-anuncia-que-2026-vai-ter-13-feriados-obrigatorios\/?utm_source=lazy\" target=\"_blank\" rel=\"noopener\">\n            <div class=\"recomendadorV2Area\">\n            <div class=\"recomendadorV2Area1\">\n                <div class=\"recomendadorV2Img\">\n                <img class=\"lazyloaded\" decoding=\"async\" src=\"https:\/\/diariodaregiao.com.br\/variedades\/wp-content\/uploads\/2025\/11\/calendario-feriados_widemd.jpg\" data-src=\"https:\/\/diariodaregiao.com.br\/variedades\/wp-content\/uploads\/2025\/11\/calendario-feriados_widemd.jpg\" alt=\"\">\n                <\/div>\n            <\/div>\n            <div class=\"recomendadorV2Area2\">\n                <div class=\"recomendadorV2Type\">\n                    <span>Planeje J\u00e1<\/span>\n                <\/div>\n                <div class=\"recomendadorV2Title\">\n                <h2><span>Feriados 2026 \ud83d\udcc5<\/span><\/h2>\n                <\/div>\n                <div class=\"recomendadorV2Desc\">\n                <span>Governo confirma 13 datas oficiais<\/span>\n                <\/div>\n                <div class=\"recomendadorV2Button\">Ver calend\u00e1rio<\/div>\n                <div class=\"recomendadorV2Alert\"><\/div>\n            <\/div>\n            <\/div>\n        <\/a>\n        <div>\n            <div style=\"z-index:99999;\" id=\"buttonClose\" onclick=\"closeRecomendadorFixed()\">\n            <div class=\"recomendadorCloseFixed\">X<\/div>\n            <\/div>\n            <a href=\"https:\/\/diariodaregiao.com.br\/variedades\/governo-anuncia-que-2026-vai-ter-13-feriados-obrigatorios\/?utm_source=lazy\" target=\"_blank\" rel=\"noopener\">\n            <div class=\"recomendadorFixedArea\">\n                <div id=\"recomendadorFixed\">\n                <div class=\"recomendadorLeftArea\">\n                    <div class=\"recomendadorImgFixed\">\n                    <img class=\"lazyload\" decoding=\"async\" src=\"https:\/\/diariodaregiao.com.br\/variedades\/wp-content\/uploads\/2025\/11\/calendario-feriados_widemd.jpg\" alt=\"\">\n                    <\/div>\n                <\/div>\n                <div class=\"recomendadorRightArea\">\n                    <div class=\"recomendadorTitleFixed\">\n                    <h2><span>Feriados 2026 \ud83d\udcc5<\/span><\/h2>\n                    <\/div>\n                    <div class=\"recomendadorButtonFixed\">Ver calend\u00e1rio<\/div>\n                    <div class=\"recomendadorAlertFixed\"><\/div>\n                <\/div>\n                <\/div>\n            <\/div>\n            <\/a>\n        <\/div>\n        <\/div>\n\n\n\n<p>O ju\u00edzo destacou que o direito \u00e0 sa\u00fade est\u00e1 previsto na Constitui\u00e7\u00e3o como garantia universal. Essa prote\u00e7\u00e3o deve orientar a leitura das normas infraconstitucionais, especialmente quando envolvem tratamentos essenciais.<\/p>\n\n\n\n<p>O direito ao planejamento familiar, tamb\u00e9m resguardado pela Constitui\u00e7\u00e3o, foi central no caso. A impossibilidade de acesso ao tratamento, apesar de haver saldo dispon\u00edvel, foi considerada restri\u00e7\u00e3o desproporcional.<\/p>\n\n\n\n<p>A Justi\u00e7a refor\u00e7ou que o FGTS \u00e9 formado por recursos do pr\u00f3prio trabalhador. Assim, impedir o saque em situa\u00e7\u00e3o de comprovada necessidade esvaziaria a finalidade social do fundo.<\/p>\n\n\n\n<h3 class=\"wp-block-heading\">Precedente orienta novos pedidos, com cautela<\/h3>\n\n\n\n<p>A decis\u00e3o abre caminho para que outros casos semelhantes sejam analisados pelo Judici\u00e1rio. Ainda assim, o uso do FGTS para tratamentos m\u00e9dicos exige comprova\u00e7\u00e3o s\u00f3lida da necessidade.<\/p>\n\n\n\n<p>Laudos m\u00e9dicos e evid\u00eancias de que o custo compromete o or\u00e7amento familiar s\u00e3o elementos essenciais. A Justi\u00e7a busca evitar banaliza\u00e7\u00e3o da tese e preservar seu car\u00e1ter excepcional.<\/p>\n\n\n\n<p>Para advogados, o precedente oferece base para pedidos bem estruturados e sustentados na Constitui\u00e7\u00e3o. A decis\u00e3o refor\u00e7a que o FGTS pode cumprir papel mais amplo na prote\u00e7\u00e3o do projeto de vida do trabalhador.<\/p>\n","protected":false},"excerpt":{"rendered":"<p>A Justi\u00e7a Federal do Rio Grande do Sul autorizou que uma trabalhadora utilize parte do saldo do FGTS para custear fertiliza\u00e7\u00e3o in vitro. A decis\u00e3o destaca o peso constitucional do direito ao planejamento familiar e da dignidade humana. O caso envolve uma mulher que buscava realizar o tratamento indicado por equipe m\u00e9dica especializada. O custo [&hellip;]<\/p>\n","protected":false},"author":5,"featured_media":2944,"comment_status":"open","ping_status":"open","sticky":false,"template":"","format":"standard","meta":{"jnews-multi-image_gallery":[],"jnews_single_post":{"format":"standard"},"jnews_primary_category":[],"jnews_social_meta":[],"jnews_post_split":[],"footnotes":""},"categories":[1],"tags":[],"class_list":["post-2939","post","type-post","status-publish","format-standard","has-post-thumbnail","hentry","category-variedades"],"_links":{"self":[{"href":"https:\/\/diariodaregiao.audiencelabs.com.br\/wp-json\/wp\/v2\/posts\/2939","targetHints":{"allow":["GET"]}}],"collection":[{"href":"https:\/\/diariodaregiao.audiencelabs.com.br\/wp-json\/wp\/v2\/posts"}],"about":[{"href":"https:\/\/diariodaregiao.audiencelabs.com.br\/wp-json\/wp\/v2\/types\/post"}],"author":[{"embeddable":true,"href":"https:\/\/diariodaregiao.audiencelabs.com.br\/wp-json\/wp\/v2\/users\/5"}],"replies":[{"embeddable":true,"href":"https:\/\/diariodaregiao.audiencelabs.com.br\/wp-json\/wp\/v2\/comments?post=2939"}],"version-history":[{"count":3,"href":"https:\/\/diariodaregiao.audiencelabs.com.br\/wp-json\/wp\/v2\/posts\/2939\/revisions"}],"predecessor-version":[{"id":3011,"href":"https:\/\/diariodaregiao.audiencelabs.com.br\/wp-json\/wp\/v2\/posts\/2939\/revisions\/3011"}],"wp:featuredmedia":[{"embeddable":true,"href":"https:\/\/diariodaregiao.audiencelabs.com.br\/wp-json\/wp\/v2\/media\/2944"}],"wp:attachment":[{"href":"https:\/\/diariodaregiao.audiencelabs.com.br\/wp-json\/wp\/v2\/media?parent=2939"}],"wp:term":[{"taxonomy":"category","embeddable":true,"href":"https:\/\/diariodaregiao.audiencelabs.com.br\/wp-json\/wp\/v2\/categories?post=2939"},{"taxonomy":"post_tag","embeddable":true,"href":"https:\/\/diariodaregiao.audiencelabs.com.br\/wp-json\/wp\/v2\/tags?post=2939"}],"curies":[{"name":"wp","href":"https:\/\/api.w.org\/{rel}","templated":true}]}}