{"id":2947,"date":"2025-11-27T05:40:00","date_gmt":"2025-11-27T08:40:00","guid":{"rendered":"https:\/\/diariodaregiao.audiencelabs.com.br\/?p=2947"},"modified":"2025-11-26T14:43:17","modified_gmt":"2025-11-26T17:43:17","slug":"caixa-tem-paga-o-bolsa-familia-para-esses-beneficiarios-nesta-quinta-feira-27","status":"publish","type":"post","link":"https:\/\/diariodaregiao.audiencelabs.com.br\/caixa-tem-paga-o-bolsa-familia-para-esses-beneficiarios-nesta-quinta-feira-27\/","title":{"rendered":"Caixa Tem paga o Bolsa Fam\u00edlia para esses benefici\u00e1rios nesta quinta-feira (27)"},"content":{"rendered":"\n<p>O Bolsa Fam\u00edlia entra em uma das semanas mais movimentadas do m\u00eas com a libera\u00e7\u00e3o destinada aos benefici\u00e1rios de NIS final 7, 8 e 9. Os repasses seguem o cronograma oficial e ocorrem automaticamente pelo Caixa Tem.<\/p>\n\n\n\n<p>Os pagamentos come\u00e7aram com os grupos iniciais e agora alcan\u00e7am grande parte das fam\u00edlias registradas. A distribui\u00e7\u00e3o permanece organizada, mantendo o padr\u00e3o tradicional adotado pelo programa.<\/p>\n\n\n\n<figure class=\"wp-block-image size-large\"><img loading=\"lazy\" decoding=\"async\" width=\"1024\" height=\"613\" src=\"https:\/\/diariodaregiao.audiencelabs.com.br\/wp-content\/uploads\/2025\/11\/img_9794-1024x613.webp\" alt=\"\" class=\"wp-image-1440\" srcset=\"https:\/\/diariodaregiao.audiencelabs.com.br\/wp-content\/uploads\/2025\/11\/img_9794-1024x613.webp 1024w, https:\/\/diariodaregiao.audiencelabs.com.br\/wp-content\/uploads\/2025\/11\/img_9794-300x179.webp 300w, https:\/\/diariodaregiao.audiencelabs.com.br\/wp-content\/uploads\/2025\/11\/img_9794-768x459.webp 768w, https:\/\/diariodaregiao.audiencelabs.com.br\/wp-content\/uploads\/2025\/11\/img_9794-750x449.webp 750w, https:\/\/diariodaregiao.audiencelabs.com.br\/wp-content\/uploads\/2025\/11\/img_9794-1140x682.webp 1140w, https:\/\/diariodaregiao.audiencelabs.com.br\/wp-content\/uploads\/2025\/11\/img_9794.webp 1170w\" sizes=\"auto, (max-width: 1024px) 100vw, 1024px\" \/><figcaption class=\"wp-element-caption\">Cr\u00e9ditos: Marcelo Camargo\/Ag\u00eancia Brasil<\/figcaption><\/figure>\n\n\n\n<p>Para quem recebe nesta fase, \u00e9 poss\u00edvel movimentar o valor pelo aplicativo, realizar saques ou usar o benef\u00edcio digitalmente. A plataforma permite Pix, pagamento de contas e compras via QR Code.<\/p>\n\n\n\n<p>O calend\u00e1rio prev\u00ea que o NIS final 7 tenha libera\u00e7\u00e3o em 25 de novembro, enquanto o NIS final 8 recebe no dia seguinte. J\u00e1 o grupo do final 9 encerra essa etapa no dia 27 deste m\u00eas.<\/p>\n\n\n\n<h3 class=\"wp-block-heading\">Confira o calend\u00e1rio completo de novembro<\/h3>\n\n\n\n<p>Apesar do avan\u00e7o dos repasses, ainda h\u00e1 fam\u00edlias programadas para receber at\u00e9 o fim de novembro. As datas seguem ordem crescente do NIS, evitando ac\u00famulo de demandas no sistema.<\/p>\n\n\n\n<p>O cronograma come\u00e7ou no dia 14 com o NIS final 1 e seguir\u00e1 at\u00e9 o dia 28, quando recebem os benefici\u00e1rios de final 0. Com isso, o m\u00eas se mant\u00e9m dentro do planejamento sem altera\u00e7\u00f5es significativas.<\/p>\n\n\n\n<p>Os pagamentos seguem o fluxo habitual, sendo antecipados apenas para cidades que enfrentam emerg\u00eancias. Fora disso, o benef\u00edcio se mant\u00e9m nas datas previamente estabelecidas.<\/p>\n\n\n\n<p>O programa tamb\u00e9m refor\u00e7a que consultas podem ser feitas a qualquer momento pelos canais oficiais. Aplicativos e centrais permitem verificar valores, status e poss\u00edveis bloqueios cadastrais.<\/p>\n\n\n\n<h3 class=\"wp-block-heading\">Valor do benef\u00edcio e orienta\u00e7\u00f5es para os benefici\u00e1rios<\/h3>\n\n\n\n<p>O valor-base permanece em R$ 600, podendo aumentar conforme a composi\u00e7\u00e3o familiar. Crian\u00e7as pequenas, gestantes e lactantes podem gerar acr\u00e9scimos que elevam a soma para al\u00e9m de R$ 700.<\/p>\n\n\n\n<p>Cada fam\u00edlia deve conferir seu extrato para confirmar o pagamento e identificar benef\u00edcios adicionais. \u00c9 importante acompanhar as informa\u00e7\u00f5es para evitar contratempos e garantir o recebimento correto.<\/p>\n","protected":false},"excerpt":{"rendered":"<p>O Bolsa Fam\u00edlia entra em uma das semanas mais movimentadas do m\u00eas com a libera\u00e7\u00e3o destinada aos benefici\u00e1rios de NIS final 7, 8 e 9. Os repasses seguem o cronograma oficial e ocorrem automaticamente pelo Caixa Tem. Os pagamentos come\u00e7aram com os grupos iniciais e agora alcan\u00e7am grande parte das fam\u00edlias registradas. A distribui\u00e7\u00e3o permanece [&hellip;]<\/p>\n","protected":false},"author":5,"featured_media":2948,"comment_status":"open","ping_status":"open","sticky":false,"template":"","format":"standard","meta":{"jnews-multi-image_gallery":[],"jnews_single_post":{"format":"standard"},"jnews_primary_category":[],"jnews_social_meta":[],"jnews_post_split":[],"footnotes":""},"categories":[1],"tags":[],"class_list":["post-2947","post","type-post","status-publish","format-standard","has-post-thumbnail","hentry","category-variedades"],"_links":{"self":[{"href":"https:\/\/diariodaregiao.audiencelabs.com.br\/wp-json\/wp\/v2\/posts\/2947","targetHints":{"allow":["GET"]}}],"collection":[{"href":"https:\/\/diariodaregiao.audiencelabs.com.br\/wp-json\/wp\/v2\/posts"}],"about":[{"href":"https:\/\/diariodaregiao.audiencelabs.com.br\/wp-json\/wp\/v2\/types\/post"}],"author":[{"embeddable":true,"href":"https:\/\/diariodaregiao.audiencelabs.com.br\/wp-json\/wp\/v2\/users\/5"}],"replies":[{"embeddable":true,"href":"https:\/\/diariodaregiao.audiencelabs.com.br\/wp-json\/wp\/v2\/comments?post=2947"}],"version-history":[{"count":1,"href":"https:\/\/diariodaregiao.audiencelabs.com.br\/wp-json\/wp\/v2\/posts\/2947\/revisions"}],"predecessor-version":[{"id":2950,"href":"https:\/\/diariodaregiao.audiencelabs.com.br\/wp-json\/wp\/v2\/posts\/2947\/revisions\/2950"}],"wp:featuredmedia":[{"embeddable":true,"href":"https:\/\/diariodaregiao.audiencelabs.com.br\/wp-json\/wp\/v2\/media\/2948"}],"wp:attachment":[{"href":"https:\/\/diariodaregiao.audiencelabs.com.br\/wp-json\/wp\/v2\/media?parent=2947"}],"wp:term":[{"taxonomy":"category","embeddable":true,"href":"https:\/\/diariodaregiao.audiencelabs.com.br\/wp-json\/wp\/v2\/categories?post=2947"},{"taxonomy":"post_tag","embeddable":true,"href":"https:\/\/diariodaregiao.audiencelabs.com.br\/wp-json\/wp\/v2\/tags?post=2947"}],"curies":[{"name":"wp","href":"https:\/\/api.w.org\/{rel}","templated":true}]}}