{"id":3115,"date":"2025-11-27T15:40:00","date_gmt":"2025-11-27T18:40:00","guid":{"rendered":"https:\/\/diariodaregiao.audiencelabs.com.br\/?p=3115"},"modified":"2025-11-27T14:45:37","modified_gmt":"2025-11-27T17:45:37","slug":"brasil-separa-r-30-bilhoes-para-se-defender-de-ataques-dos-inimigos-apos-aprovacao-de-lula","status":"publish","type":"post","link":"https:\/\/diariodaregiao.audiencelabs.com.br\/brasil-separa-r-30-bilhoes-para-se-defender-de-ataques-dos-inimigos-apos-aprovacao-de-lula\/","title":{"rendered":"Brasil separa R$ 30 bilh\u00f5es para se defender de ataques dos inimigos ap\u00f3s aprova\u00e7\u00e3o de Lula"},"content":{"rendered":"\n<p>O Governo sancionou uma lei que assegura recursos cont\u00ednuos para projetos estrat\u00e9gicos da defesa. A medida foi assinada pelo presidente Lula e cria um novo formato de financiamento.<\/p>\n\n\n\n<p>A norma garante R$ 30 bilh\u00f5es em seis anos, com parcelas anuais de R$ 5 bilh\u00f5es. O valor ficar\u00e1 fora do limite fiscal e permitir\u00e1 estabilidade para a\u00e7\u00f5es de longo prazo.<\/p>\n\n\n\n<figure class=\"wp-block-image size-large\"><img loading=\"lazy\" decoding=\"async\" width=\"1024\" height=\"613\" src=\"https:\/\/diariodaregiao.audiencelabs.com.br\/wp-content\/uploads\/2025\/11\/mg_1314-1024x613.webp\" alt=\"Governo Lula d\u00e1 present\u00e3o para 22 milh\u00f5es de trabalhadores que usam vale-alimenta\u00e7\u00e3o e refei\u00e7\u00e3o\" class=\"wp-image-1734\" srcset=\"https:\/\/diariodaregiao.audiencelabs.com.br\/wp-content\/uploads\/2025\/11\/mg_1314-1024x613.webp 1024w, https:\/\/diariodaregiao.audiencelabs.com.br\/wp-content\/uploads\/2025\/11\/mg_1314-300x179.webp 300w, https:\/\/diariodaregiao.audiencelabs.com.br\/wp-content\/uploads\/2025\/11\/mg_1314-768x459.webp 768w, https:\/\/diariodaregiao.audiencelabs.com.br\/wp-content\/uploads\/2025\/11\/mg_1314-750x449.webp 750w, https:\/\/diariodaregiao.audiencelabs.com.br\/wp-content\/uploads\/2025\/11\/mg_1314-1140x682.webp 1140w, https:\/\/diariodaregiao.audiencelabs.com.br\/wp-content\/uploads\/2025\/11\/mg_1314.webp 1170w\" sizes=\"auto, (max-width: 1024px) 100vw, 1024px\" \/><figcaption class=\"wp-element-caption\">Cr\u00e9ditos: Bruno Peres\/Ag\u00eancia Brasil<\/figcaption><\/figure>\n\n\n\n<p>O senador Randolfe Rodrigues relatou o texto e disse que ele foi aprimorado ap\u00f3s di\u00e1logo com representantes das For\u00e7as Armadas. Segundo ele, a proposta fortalece a ind\u00fastria nacional.<\/p>\n\n\n\n<h2 class=\"wp-block-heading\">Est\u00edmulo econ\u00f4mico e avan\u00e7o tecnol\u00f3gico<\/h2>\n\n\n\n<p>Autoridades afirmam que o investimento ter\u00e1 impacto direto na cadeia produtiva ligada \u00e0 defesa. O setor tende a gerar empregos qualificados e ampliar o desenvolvimento tecnol\u00f3gico.<\/p>\n\n\n\n<p>O deputado General Pazuello destacou que a proposta n\u00e3o atende apenas ao interesse militar. Ele afirma que autonomia tecnol\u00f3gica reduz vulnerabilidades e aumenta a seguran\u00e7a nacional.<\/p>\n\n\n\n<p>Especialistas apontam que o pa\u00eds pode ampliar sua capacidade de pesquisa e inova\u00e7\u00e3o. Isso permite que empresas brasileiras disputem espa\u00e7o em mercados cada vez mais competitivos.<\/p>\n\n\n\n<h2 class=\"wp-block-heading\">Expans\u00e3o do setor e proje\u00e7\u00e3o internacional<\/h2>\n\n\n\n<p>O senador Carlos Portinho defendeu que apoiar a ind\u00fastria de defesa \u00e9 essencial para ampliar exporta\u00e7\u00f5es. Ele afirma que o pa\u00eds pode conquistar novos mercados com produtos de maior valor.<\/p>\n\n\n\n<p>Parlamentares ressaltam que a medida representa um projeto de Estado, n\u00e3o apenas de Governo. O objetivo \u00e9 garantir continuidade a programas estrat\u00e9gicos que exigem investimentos duradouros.<\/p>\n\n\n\n<p>A moderniza\u00e7\u00e3o \u00e9 vista como caminho para fortalecer a soberania e ampliar a competitividade global. Com os novos recursos, o Brasil busca avan\u00e7ar em tecnologia e refor\u00e7ar sua capacidade de prote\u00e7\u00e3o.<\/p>\n","protected":false},"excerpt":{"rendered":"<p>O Governo sancionou uma lei que assegura recursos cont\u00ednuos para projetos estrat\u00e9gicos da defesa. A medida foi assinada pelo presidente Lula e cria um novo formato de financiamento. A norma garante R$ 30 bilh\u00f5es em seis anos, com parcelas anuais de R$ 5 bilh\u00f5es. O valor ficar\u00e1 fora do limite fiscal e permitir\u00e1 estabilidade para [&hellip;]<\/p>\n","protected":false},"author":5,"featured_media":3118,"comment_status":"open","ping_status":"open","sticky":false,"template":"","format":"standard","meta":{"jnews-multi-image_gallery":[],"jnews_single_post":{"format":"standard"},"jnews_primary_category":[],"jnews_social_meta":[],"jnews_post_split":[],"footnotes":""},"categories":[1],"tags":[],"class_list":["post-3115","post","type-post","status-publish","format-standard","has-post-thumbnail","hentry","category-variedades"],"_links":{"self":[{"href":"https:\/\/diariodaregiao.audiencelabs.com.br\/wp-json\/wp\/v2\/posts\/3115","targetHints":{"allow":["GET"]}}],"collection":[{"href":"https:\/\/diariodaregiao.audiencelabs.com.br\/wp-json\/wp\/v2\/posts"}],"about":[{"href":"https:\/\/diariodaregiao.audiencelabs.com.br\/wp-json\/wp\/v2\/types\/post"}],"author":[{"embeddable":true,"href":"https:\/\/diariodaregiao.audiencelabs.com.br\/wp-json\/wp\/v2\/users\/5"}],"replies":[{"embeddable":true,"href":"https:\/\/diariodaregiao.audiencelabs.com.br\/wp-json\/wp\/v2\/comments?post=3115"}],"version-history":[{"count":2,"href":"https:\/\/diariodaregiao.audiencelabs.com.br\/wp-json\/wp\/v2\/posts\/3115\/revisions"}],"predecessor-version":[{"id":3121,"href":"https:\/\/diariodaregiao.audiencelabs.com.br\/wp-json\/wp\/v2\/posts\/3115\/revisions\/3121"}],"wp:featuredmedia":[{"embeddable":true,"href":"https:\/\/diariodaregiao.audiencelabs.com.br\/wp-json\/wp\/v2\/media\/3118"}],"wp:attachment":[{"href":"https:\/\/diariodaregiao.audiencelabs.com.br\/wp-json\/wp\/v2\/media?parent=3115"}],"wp:term":[{"taxonomy":"category","embeddable":true,"href":"https:\/\/diariodaregiao.audiencelabs.com.br\/wp-json\/wp\/v2\/categories?post=3115"},{"taxonomy":"post_tag","embeddable":true,"href":"https:\/\/diariodaregiao.audiencelabs.com.br\/wp-json\/wp\/v2\/tags?post=3115"}],"curies":[{"name":"wp","href":"https:\/\/api.w.org\/{rel}","templated":true}]}}