{"id":3247,"date":"2025-11-29T17:00:00","date_gmt":"2025-11-29T20:00:00","guid":{"rendered":"https:\/\/diariodaregiao.audiencelabs.com.br\/?p=3247"},"modified":"2025-11-28T19:57:02","modified_gmt":"2025-11-28T22:57:02","slug":"revelada-fortuna-milionaria-de-vanderlei-luxemburgo-que-acabou-de-se-aposentar","status":"publish","type":"post","link":"https:\/\/diariodaregiao.audiencelabs.com.br\/revelada-fortuna-milionaria-de-vanderlei-luxemburgo-que-acabou-de-se-aposentar\/","title":{"rendered":"Revelada fortuna milion\u00e1ria de Vanderlei Luxemburgo que acabou de se aposentar"},"content":{"rendered":"\n<p>Vanderlei Luxemburgo anunciou nesta semana, durante o programa do Galv\u00e3o, que est\u00e1 oficialmente aposentado. O treinador j\u00e1 n\u00e3o comandava nenhuma equipe desde 2023, quando deixou o Corinthians. Mesmo assim, a revela\u00e7\u00e3o surpreendeu muitos f\u00e3s do futebol.<\/p>\n\n\n\n<p>Nos \u00faltimos trabalhos, Luxemburgo n\u00e3o teve grandes resultados, mas ainda assim mantinha um sal\u00e1rio alto aumentando sua fortuna. No Corinthians, ele recebia cerca de R$ 500 mil por m\u00eas at\u00e9 ser demitido. O valor chamava aten\u00e7\u00e3o, especialmente em meio \u00e0s cr\u00edticas ao desempenho da equipe.<\/p>\n\n\n\n<p>Al\u00e9m da carreira nos gramados, Luxemburgo sempre buscou oportunidades no mundo dos neg\u00f3cios. Ao longo dos anos, se envolveu em diferentes projetos, alguns deles sem grande sucesso. Entre os exemplos, est\u00e3o o Instituto Wanderley Luxemburgo e um site de vendas de vinhos.<\/p>\n\n\n\n<h2 class=\"wp-block-heading\">Neg\u00f3cios fora do futebol comp\u00f5e sua fortuna<\/h2>\n\n\n\n<p>Mesmo com algumas tentativas frustradas, o treinador continuou investindo para aumentar sua fortuna. Em 2018, tornou-se s\u00f3cio da cacha\u00e7aria Brejo dos Bois, localizada em Junqueiro, em Alagoas. No mesmo estado, tamb\u00e9m construiu o condom\u00ednio chamado \u201cResidencial Luxemburgo\u201d.<\/p>\n\n\n\n<p>Essas duas marcas chegaram at\u00e9 a patrocinar o ASA de Arapiraca em 2019, mostrando que Luxemburgo seguia ativo fora do futebol. A parceria chamou aten\u00e7\u00e3o na \u00e9poca e refor\u00e7ou sua presen\u00e7a no mercado alagoano.<\/p>\n\n\n\n<p>Outro neg\u00f3cio que o t\u00e9cnico mant\u00e9m \u00e9 uma emissora de televis\u00e3o no Tocantins, a TV Jovem, afiliada \u00e0 Record. O investimento mostra sua aposta no setor de comunica\u00e7\u00e3o.<\/p>\n\n\n\n<p>Ao longo da carreira, Luxemburgo ainda colocou dinheiro em outros segmentos, como uma distribuidora de sorvetes, uma construtora e uma empresa de loteamentos. Esses empreendimentos revelam seu perfil empreendedor e sua busca constante por novos desafios.<\/p>\n","protected":false},"excerpt":{"rendered":"<p>Vanderlei Luxemburgo anunciou nesta semana, durante o programa do Galv\u00e3o, que est\u00e1 oficialmente aposentado. O treinador j\u00e1 n\u00e3o comandava nenhuma equipe desde 2023, quando deixou o Corinthians. Mesmo assim, a revela\u00e7\u00e3o surpreendeu muitos f\u00e3s do futebol. Nos \u00faltimos trabalhos, Luxemburgo n\u00e3o teve grandes resultados, mas ainda assim mantinha um sal\u00e1rio alto aumentando sua fortuna. No [&hellip;]<\/p>\n","protected":false},"author":2,"featured_media":3250,"comment_status":"open","ping_status":"open","sticky":false,"template":"","format":"standard","meta":{"jnews-multi-image_gallery":[],"jnews_single_post":{"format":"standard"},"jnews_primary_category":[],"jnews_social_meta":[],"jnews_post_split":[],"footnotes":""},"categories":[1],"tags":[],"class_list":["post-3247","post","type-post","status-publish","format-standard","has-post-thumbnail","hentry","category-variedades"],"_links":{"self":[{"href":"https:\/\/diariodaregiao.audiencelabs.com.br\/wp-json\/wp\/v2\/posts\/3247","targetHints":{"allow":["GET"]}}],"collection":[{"href":"https:\/\/diariodaregiao.audiencelabs.com.br\/wp-json\/wp\/v2\/posts"}],"about":[{"href":"https:\/\/diariodaregiao.audiencelabs.com.br\/wp-json\/wp\/v2\/types\/post"}],"author":[{"embeddable":true,"href":"https:\/\/diariodaregiao.audiencelabs.com.br\/wp-json\/wp\/v2\/users\/2"}],"replies":[{"embeddable":true,"href":"https:\/\/diariodaregiao.audiencelabs.com.br\/wp-json\/wp\/v2\/comments?post=3247"}],"version-history":[{"count":2,"href":"https:\/\/diariodaregiao.audiencelabs.com.br\/wp-json\/wp\/v2\/posts\/3247\/revisions"}],"predecessor-version":[{"id":3586,"href":"https:\/\/diariodaregiao.audiencelabs.com.br\/wp-json\/wp\/v2\/posts\/3247\/revisions\/3586"}],"wp:featuredmedia":[{"embeddable":true,"href":"https:\/\/diariodaregiao.audiencelabs.com.br\/wp-json\/wp\/v2\/media\/3250"}],"wp:attachment":[{"href":"https:\/\/diariodaregiao.audiencelabs.com.br\/wp-json\/wp\/v2\/media?parent=3247"}],"wp:term":[{"taxonomy":"category","embeddable":true,"href":"https:\/\/diariodaregiao.audiencelabs.com.br\/wp-json\/wp\/v2\/categories?post=3247"},{"taxonomy":"post_tag","embeddable":true,"href":"https:\/\/diariodaregiao.audiencelabs.com.br\/wp-json\/wp\/v2\/tags?post=3247"}],"curies":[{"name":"wp","href":"https:\/\/api.w.org\/{rel}","templated":true}]}}