{"id":3482,"date":"2025-11-28T18:40:00","date_gmt":"2025-11-28T21:40:00","guid":{"rendered":"https:\/\/diariodaregiao.audiencelabs.com.br\/?p=3482"},"modified":"2025-11-28T14:19:50","modified_gmt":"2025-11-28T17:19:50","slug":"selecao-classificada-para-a-copa-do-mundo-volta-atras-de-viagem-aos-estados-unidos","status":"publish","type":"post","link":"https:\/\/diariodaregiao.audiencelabs.com.br\/selecao-classificada-para-a-copa-do-mundo-volta-atras-de-viagem-aos-estados-unidos\/","title":{"rendered":"Sele\u00e7\u00e3o classificada para a Copa do Mundo volta atr\u00e1s de viagem aos Estados Unidos"},"content":{"rendered":"\n<p>A prepara\u00e7\u00e3o para o sorteio da Copa do Mundo de 2026 ganhou um cap\u00edtulo inesperado ap\u00f3s o Ir\u00e3 anunciar sua aus\u00eancia. A decis\u00e3o ocorreu quando a delega\u00e7\u00e3o teve a maior parte dos pedidos de visto negados.<\/p>\n\n\n\n<p>Mesmo classificada para o Mundial, a sele\u00e7\u00e3o decidiu boicotar a cerim\u00f4nia como forma de protesto diplom\u00e1tico. O gesto simbolizou a insatisfa\u00e7\u00e3o diante das restri\u00e7\u00f5es impostas aos representantes iranianos.<\/p>\n\n\n\n<figure class=\"wp-block-image size-full\"><img decoding=\"async\" src=\"https:\/\/diariodaregiao.audiencelabs.com.br\/wp-content\/uploads\/2025\/11\/Selecao-iraniana-jogando-na-primeira-semana-da-VNL-2025-944x531.jpg.webp\" alt=\"\" class=\"wp-image-3488\" \/><figcaption class=\"wp-element-caption\">Cr\u00e9ditos: Divulga\u00e7\u00e3o<\/figcaption><\/figure>\n\n\n\n<p>O sorteio estava marcado para 5 de dezembro nos Estados Unidos e reuniria todas as equipes qualificadas. A aus\u00eancia iraniana chamou aten\u00e7\u00e3o porque apenas quatro membros receberam autoriza\u00e7\u00e3o de entrada.<\/p>\n\n\n\n<p>A limita\u00e7\u00e3o impediu a participa\u00e7\u00e3o institucional plena da delega\u00e7\u00e3o. Para Teer\u00e3, a medida ultrapassou o campo esportivo e refor\u00e7ou tens\u00f5es pol\u00edticas j\u00e1 existentes.<\/p>\n\n\n\n<h2 class=\"wp-block-heading\">Tens\u00f5es diplom\u00e1ticas influenciaram a decis\u00e3o<\/h2>\n\n\n\n<p>O porta-voz da federa\u00e7\u00e3o, Amir Mehdi Alavi, afirmou \u00e0 TV estatal que o veto n\u00e3o esteve relacionado ao futebol. Ele explicou que a entidade notificou a Fifa e confirmou que a equipe n\u00e3o viajaria.<\/p>\n\n\n\n<p>A concess\u00e3o restrita inclu\u00eda o t\u00e9cnico Amir Ghalenoei e alguns dirigentes autorizados. Por\u00e9m, figuras consideradas essenciais ficaram fora da lista aprovada para a entrada no pa\u00eds.<\/p>\n\n\n\n<p>Entre os barrados estava o presidente da federa\u00e7\u00e3o, Mehdi Taj, cuja aus\u00eancia inviabilizou a viagem. Jornalistas iranianos relataram grande frustra\u00e7\u00e3o com a situa\u00e7\u00e3o.<\/p>\n\n\n\n<p>A indigna\u00e7\u00e3o aumentou porque o sorteio define os primeiros passos da equipe na competi\u00e7\u00e3o. Para Teer\u00e3, o boicote foi tamb\u00e9m um sinal de rep\u00fadio \u00e0 pol\u00edtica externa americana.<\/p>\n\n\n\n<p>As rela\u00e7\u00f5es entre os dois pa\u00edses viviam instabilidade desde o in\u00edcio de 2025. A tens\u00e3o cresceu ap\u00f3s ataques dos EUA a instala\u00e7\u00f5es nucleares iranianas.<\/p>\n\n\n\n<p>O clima agravado ampliou o risco de negativas diplom\u00e1ticas contra representantes iranianos. Para autoridades do pa\u00eds, o caso refor\u00e7ou um padr\u00e3o j\u00e1 percebido em outras ocasi\u00f5es.<\/p>\n\n\n\n<p>O Minist\u00e9rio das Rela\u00e7\u00f5es Exteriores do Ir\u00e3 declarou que j\u00e1 temia a recusa dos vistos. Esse receio vinha de epis\u00f3dios recentes envolvendo delega\u00e7\u00f5es esportivas e diplom\u00e1ticas.<\/p>\n","protected":false},"excerpt":{"rendered":"<p>A prepara\u00e7\u00e3o para o sorteio da Copa do Mundo de 2026 ganhou um cap\u00edtulo inesperado ap\u00f3s o Ir\u00e3 anunciar sua aus\u00eancia. A decis\u00e3o ocorreu quando a delega\u00e7\u00e3o teve a maior parte dos pedidos de visto negados. Mesmo classificada para o Mundial, a sele\u00e7\u00e3o decidiu boicotar a cerim\u00f4nia como forma de protesto diplom\u00e1tico. O gesto simbolizou [&hellip;]<\/p>\n","protected":false},"author":5,"featured_media":3483,"comment_status":"open","ping_status":"open","sticky":false,"template":"","format":"standard","meta":{"jnews-multi-image_gallery":[],"jnews_single_post":{"format":"standard"},"jnews_primary_category":[],"jnews_social_meta":[],"jnews_post_split":[],"footnotes":""},"categories":[1],"tags":[],"class_list":["post-3482","post","type-post","status-publish","format-standard","has-post-thumbnail","hentry","category-variedades"],"_links":{"self":[{"href":"https:\/\/diariodaregiao.audiencelabs.com.br\/wp-json\/wp\/v2\/posts\/3482","targetHints":{"allow":["GET"]}}],"collection":[{"href":"https:\/\/diariodaregiao.audiencelabs.com.br\/wp-json\/wp\/v2\/posts"}],"about":[{"href":"https:\/\/diariodaregiao.audiencelabs.com.br\/wp-json\/wp\/v2\/types\/post"}],"author":[{"embeddable":true,"href":"https:\/\/diariodaregiao.audiencelabs.com.br\/wp-json\/wp\/v2\/users\/5"}],"replies":[{"embeddable":true,"href":"https:\/\/diariodaregiao.audiencelabs.com.br\/wp-json\/wp\/v2\/comments?post=3482"}],"version-history":[{"count":1,"href":"https:\/\/diariodaregiao.audiencelabs.com.br\/wp-json\/wp\/v2\/posts\/3482\/revisions"}],"predecessor-version":[{"id":3489,"href":"https:\/\/diariodaregiao.audiencelabs.com.br\/wp-json\/wp\/v2\/posts\/3482\/revisions\/3489"}],"wp:featuredmedia":[{"embeddable":true,"href":"https:\/\/diariodaregiao.audiencelabs.com.br\/wp-json\/wp\/v2\/media\/3483"}],"wp:attachment":[{"href":"https:\/\/diariodaregiao.audiencelabs.com.br\/wp-json\/wp\/v2\/media?parent=3482"}],"wp:term":[{"taxonomy":"category","embeddable":true,"href":"https:\/\/diariodaregiao.audiencelabs.com.br\/wp-json\/wp\/v2\/categories?post=3482"},{"taxonomy":"post_tag","embeddable":true,"href":"https:\/\/diariodaregiao.audiencelabs.com.br\/wp-json\/wp\/v2\/tags?post=3482"}],"curies":[{"name":"wp","href":"https:\/\/api.w.org\/{rel}","templated":true}]}}