{"id":4695,"date":"2025-12-05T09:10:00","date_gmt":"2025-12-05T12:10:00","guid":{"rendered":"https:\/\/diariodaregiao.audiencelabs.com.br\/?p=4695"},"modified":"2025-12-05T02:09:05","modified_gmt":"2025-12-05T05:09:05","slug":"o-vegetal-mais-vendido-do-brasil-em-2025-ajuda-na-perda-de-peso","status":"publish","type":"post","link":"https:\/\/diariodaregiao.audiencelabs.com.br\/o-vegetal-mais-vendido-do-brasil-em-2025-ajuda-na-perda-de-peso\/","title":{"rendered":"O vegetal mais vendido do Brasil em 2025 ajuda na perda de peso"},"content":{"rendered":"\n<p>A alface se firmou como o vegetal mais vendido do Brasil em 2025 devido ao ciclo curto de produ\u00e7\u00e3o, que varia de 45 a 70 dias, e ao pre\u00e7o acess\u00edvel, geralmente entre R$ 1,00 e R$ 2,00 por unidade.<\/p>\n\n\n\n<p>Esses fatores garantem retorno r\u00e1pido para produtores e mant\u00eam o alimento presente nas compras dom\u00e9sticas, al\u00e9m de atender \u00e0 alta demanda de restaurantes e lanchonetes. Como uma das hortali\u00e7as mais cultivadas do pa\u00eds, seu consumo di\u00e1rio tamb\u00e9m reflete a busca crescente por refei\u00e7\u00f5es leves e pr\u00e1ticas.<\/p>\n\n\n\n<p>A associa\u00e7\u00e3o entre a alface e a perda de peso \u00e9 um dos principais motivos de sua popularidade. O vegetal possui alto teor de \u00e1gua e fibras, elementos que aumentam a sensa\u00e7\u00e3o de saciedade e auxiliam no funcionamento intestinal.&nbsp;<\/p>\n\n\n\n<figure class=\"wp-block-gallery has-nested-images columns-default is-cropped wp-block-gallery-1 is-layout-flex wp-block-gallery-is-layout-flex\">\n<figure class=\"wp-block-image size-large\"><img loading=\"lazy\" decoding=\"async\" width=\"900\" height=\"600\" data-id=\"4696\" src=\"https:\/\/diariodaregiao.audiencelabs.com.br\/wp-content\/uploads\/2025\/12\/589535591_1269256451892388_3121529189538976606_n.jpg\" alt=\"\" class=\"wp-image-4696\" srcset=\"https:\/\/diariodaregiao.audiencelabs.com.br\/wp-content\/uploads\/2025\/12\/589535591_1269256451892388_3121529189538976606_n.jpg 900w, https:\/\/diariodaregiao.audiencelabs.com.br\/wp-content\/uploads\/2025\/12\/589535591_1269256451892388_3121529189538976606_n-300x200.jpg 300w, https:\/\/diariodaregiao.audiencelabs.com.br\/wp-content\/uploads\/2025\/12\/589535591_1269256451892388_3121529189538976606_n-768x512.jpg 768w, https:\/\/diariodaregiao.audiencelabs.com.br\/wp-content\/uploads\/2025\/12\/589535591_1269256451892388_3121529189538976606_n-750x500.jpg 750w\" sizes=\"auto, (max-width: 900px) 100vw, 900px\" \/><figcaption class=\"wp-element-caption\">Cr\u00e9ditos: Shutterstock<\/figcaption><\/figure>\n<\/figure>\n\n\n\n<h2 class=\"wp-block-heading\">Benef\u00edcios nutricionais que fortalecem o consumo<\/h2>\n\n\n\n<p>Al\u00e9m de contribuir para o emagrecimento, a alface oferece nutrientes importantes para a sa\u00fade. O pot\u00e1ssio presente nas folhas auxilia na regula\u00e7\u00e3o da press\u00e3o arterial, beneficiando o sistema cardiovascular. As fibras desempenham papel relevante no equil\u00edbrio da glicose, o que torna o alimento \u00fatil no controle de doen\u00e7as metab\u00f3licas e na melhoria do tr\u00e2nsito intestinal.<\/p>\n\n\n\n<p>A hortali\u00e7a tamb\u00e9m cont\u00e9m vitamina K, essencial para a manuten\u00e7\u00e3o dos ossos, e lute\u00edna, subst\u00e2ncia associada \u00e0 prote\u00e7\u00e3o da vis\u00e3o. Esses elementos ampliam o valor nutricional do vegetal, tornando-o adequado para diferentes faixas et\u00e1rias e necessidades alimentares.<\/p>\n\n\n\n<p>Outro ponto relevante \u00e9 a presen\u00e7a de antioxidantes naturais, que ajudam a combater danos celulares relacionados ao envelhecimento. H\u00e1 ainda compostos com efeito calmante, que podem contribuir para noites de sono mais tranquilas quando o alimento \u00e9 inclu\u00eddo regularmente na alimenta\u00e7\u00e3o.&nbsp;<\/p>\n","protected":false},"excerpt":{"rendered":"<p>A alface se firmou como o vegetal mais vendido do Brasil em 2025 devido ao ciclo curto de produ\u00e7\u00e3o, que varia de 45 a 70 dias, e ao pre\u00e7o acess\u00edvel, geralmente entre R$ 1,00 e R$ 2,00 por unidade. Esses fatores garantem retorno r\u00e1pido para produtores e mant\u00eam o alimento presente nas compras dom\u00e9sticas, al\u00e9m [&hellip;]<\/p>\n","protected":false},"author":4,"featured_media":4697,"comment_status":"open","ping_status":"open","sticky":false,"template":"","format":"standard","meta":{"jnews-multi-image_gallery":[],"jnews_single_post":{"format":"standard"},"jnews_primary_category":[],"jnews_social_meta":[],"jnews_post_split":[],"footnotes":""},"categories":[1],"tags":[],"class_list":["post-4695","post","type-post","status-publish","format-standard","has-post-thumbnail","hentry","category-variedades"],"_links":{"self":[{"href":"https:\/\/diariodaregiao.audiencelabs.com.br\/wp-json\/wp\/v2\/posts\/4695","targetHints":{"allow":["GET"]}}],"collection":[{"href":"https:\/\/diariodaregiao.audiencelabs.com.br\/wp-json\/wp\/v2\/posts"}],"about":[{"href":"https:\/\/diariodaregiao.audiencelabs.com.br\/wp-json\/wp\/v2\/types\/post"}],"author":[{"embeddable":true,"href":"https:\/\/diariodaregiao.audiencelabs.com.br\/wp-json\/wp\/v2\/users\/4"}],"replies":[{"embeddable":true,"href":"https:\/\/diariodaregiao.audiencelabs.com.br\/wp-json\/wp\/v2\/comments?post=4695"}],"version-history":[{"count":1,"href":"https:\/\/diariodaregiao.audiencelabs.com.br\/wp-json\/wp\/v2\/posts\/4695\/revisions"}],"predecessor-version":[{"id":4698,"href":"https:\/\/diariodaregiao.audiencelabs.com.br\/wp-json\/wp\/v2\/posts\/4695\/revisions\/4698"}],"wp:featuredmedia":[{"embeddable":true,"href":"https:\/\/diariodaregiao.audiencelabs.com.br\/wp-json\/wp\/v2\/media\/4697"}],"wp:attachment":[{"href":"https:\/\/diariodaregiao.audiencelabs.com.br\/wp-json\/wp\/v2\/media?parent=4695"}],"wp:term":[{"taxonomy":"category","embeddable":true,"href":"https:\/\/diariodaregiao.audiencelabs.com.br\/wp-json\/wp\/v2\/categories?post=4695"},{"taxonomy":"post_tag","embeddable":true,"href":"https:\/\/diariodaregiao.audiencelabs.com.br\/wp-json\/wp\/v2\/tags?post=4695"}],"curies":[{"name":"wp","href":"https:\/\/api.w.org\/{rel}","templated":true}]}}