{"id":5564,"date":"2025-12-14T08:40:00","date_gmt":"2025-12-14T11:40:00","guid":{"rendered":"https:\/\/diariodaregiao.audiencelabs.com.br\/?p=5564"},"modified":"2025-12-11T15:31:34","modified_gmt":"2025-12-11T18:31:34","slug":"idade-minima-para-andar-de-uber-confirmada-antes-disso-e-proibido","status":"publish","type":"post","link":"https:\/\/diariodaregiao.audiencelabs.com.br\/idade-minima-para-andar-de-uber-confirmada-antes-disso-e-proibido\/","title":{"rendered":"Idade m\u00ednima para andar de Uber confirmada: Antes disso, \u00e9 proibido"},"content":{"rendered":"\n<p>A Uber confirmou a idade m\u00ednima para utiliza\u00e7\u00e3o da plataforma por adolescentes e detalhou as medidas de seguran\u00e7a obrigat\u00f3rias para esse p\u00fablico. As contas espec\u00edficas para jovens de <strong>12 a 17 anos<\/strong> j\u00e1 podem ser criadas, desde que um <strong>respons\u00e1vel legal<\/strong> autorize e adicione o adolescente ao <strong>Perfil Familiar<\/strong> dentro do aplicativo. <\/p>\n\n\n\n<p>Antes disso, \u00e9 proibido que menores de 18 anos usem o aplicativo do Uber para solicitar viagens.<\/p>\n\n\n\n<h2 class=\"wp-block-heading\">Como funcionam as contas de adolescentes<\/h2>\n\n\n\n<p>Segundo a empresa, a iniciativa acompanha mudan\u00e7as sociais e a demanda por servi\u00e7os mais seguros e supervisionados. Com a ativa\u00e7\u00e3o da conta, o respons\u00e1vel passa a receber <strong>notifica\u00e7\u00f5es sempre que uma viagem for solicitada<\/strong>, al\u00e9m de <strong>alertas em tempo real<\/strong> durante todo o trajeto. O monitoramento \u00e9 cont\u00ednuo: a rota pode ser acompanhada do embarque at\u00e9 a chegada ao destino.<\/p>\n\n\n\n<p>Antes da primeira corrida, o adolescente deve concluir um <strong>processo de integra\u00e7\u00e3o de seguran\u00e7a<\/strong>, que apresenta os principais recursos dispon\u00edveis no app e orienta\u00e7\u00f5es para uma utiliza\u00e7\u00e3o respons\u00e1vel.<\/p>\n\n\n\n<figure class=\"wp-block-image size-large\"><img loading=\"lazy\" decoding=\"async\" width=\"1024\" height=\"613\" src=\"https:\/\/diariodaregiao.audiencelabs.com.br\/wp-content\/uploads\/2025\/12\/img_2501-1024x613.webp\" alt=\"\" class=\"wp-image-5590\" srcset=\"https:\/\/diariodaregiao.audiencelabs.com.br\/wp-content\/uploads\/2025\/12\/img_2501-1024x613.webp 1024w, https:\/\/diariodaregiao.audiencelabs.com.br\/wp-content\/uploads\/2025\/12\/img_2501-300x179.webp 300w, https:\/\/diariodaregiao.audiencelabs.com.br\/wp-content\/uploads\/2025\/12\/img_2501-768x459.webp 768w, https:\/\/diariodaregiao.audiencelabs.com.br\/wp-content\/uploads\/2025\/12\/img_2501-750x449.webp 750w, https:\/\/diariodaregiao.audiencelabs.com.br\/wp-content\/uploads\/2025\/12\/img_2501-1140x682.webp 1140w, https:\/\/diariodaregiao.audiencelabs.com.br\/wp-content\/uploads\/2025\/12\/img_2501.webp 1170w\" sizes=\"auto, (max-width: 1024px) 100vw, 1024px\" \/><figcaption class=\"wp-element-caption\">Cr\u00e9ditos: Rovena Rosa\/Ag\u00eancia Brasil<\/figcaption><\/figure>\n\n\n\n<h2 class=\"wp-block-heading\">Supervis\u00e3o ativa dos respons\u00e1veis<\/h2>\n\n\n\n<p>Os respons\u00e1veis tamb\u00e9m recebem orienta\u00e7\u00f5es sobre como preparar o adolescente para as primeiras viagens e podem <strong>entrar em contato diretamente com o motorista<\/strong> durante o trajeto, caso seja necess\u00e1rio. Al\u00e9m disso, cada atualiza\u00e7\u00e3o de status \u2014 como in\u00edcio, andamento e finaliza\u00e7\u00e3o da corrida \u2014 \u00e9 enviada automaticamente.<\/p>\n\n\n\n<h2 class=\"wp-block-heading\">Recursos de seguran\u00e7a permanentes<\/h2>\n\n\n\n<p>Para essa modalidade, a Uber determinou que ferramentas de prote\u00e7\u00e3o fiquem sempre ativas. Entre elas est\u00e3o a <strong>verifica\u00e7\u00e3o por U-C\u00f3digo<\/strong>, que confirma o embarque correto, e o <strong>U-Ajuda<\/strong>, que identifica situa\u00e7\u00f5es de risco. O adolescente tamb\u00e9m pode optar por habilitar a <strong>Grava\u00e7\u00e3o de \u00c1udio<\/strong>, que funciona como uma camada adicional de seguran\u00e7a.<\/p>\n\n\n\n<h2 class=\"wp-block-heading\">Identifica\u00e7\u00e3o das viagens<\/h2>\n\n\n\n<p>Motoristas parceiros poder\u00e3o reconhecer facilmente quando o pedido for de um usu\u00e1rio adolescente. O app exibir\u00e1 a classifica\u00e7\u00e3o <strong>\u201cUberX \u2022 Adolescente\u201d<\/strong>, evitando d\u00favidas no momento da partida. A empresa destaca que a funcionalidade permite transpar\u00eancia e garante que o motorista saiba previamente que transportar\u00e1 um jovem devidamente autorizado.<\/p>\n","protected":false},"excerpt":{"rendered":"<p>A Uber confirmou a idade m\u00ednima para utiliza\u00e7\u00e3o da plataforma por adolescentes e detalhou as medidas de seguran\u00e7a obrigat\u00f3rias para esse p\u00fablico. As contas espec\u00edficas para jovens de 12 a 17 anos j\u00e1 podem ser criadas, desde que um respons\u00e1vel legal autorize e adicione o adolescente ao Perfil Familiar dentro do aplicativo. Antes disso, \u00e9 [&hellip;]<\/p>\n","protected":false},"author":8,"featured_media":5591,"comment_status":"open","ping_status":"open","sticky":false,"template":"","format":"standard","meta":{"jnews-multi-image_gallery":[],"jnews_single_post":{"format":"standard"},"jnews_primary_category":[],"jnews_social_meta":[],"jnews_post_split":[],"footnotes":""},"categories":[1],"tags":[],"class_list":["post-5564","post","type-post","status-publish","format-standard","has-post-thumbnail","hentry","category-variedades"],"_links":{"self":[{"href":"https:\/\/diariodaregiao.audiencelabs.com.br\/wp-json\/wp\/v2\/posts\/5564","targetHints":{"allow":["GET"]}}],"collection":[{"href":"https:\/\/diariodaregiao.audiencelabs.com.br\/wp-json\/wp\/v2\/posts"}],"about":[{"href":"https:\/\/diariodaregiao.audiencelabs.com.br\/wp-json\/wp\/v2\/types\/post"}],"author":[{"embeddable":true,"href":"https:\/\/diariodaregiao.audiencelabs.com.br\/wp-json\/wp\/v2\/users\/8"}],"replies":[{"embeddable":true,"href":"https:\/\/diariodaregiao.audiencelabs.com.br\/wp-json\/wp\/v2\/comments?post=5564"}],"version-history":[{"count":2,"href":"https:\/\/diariodaregiao.audiencelabs.com.br\/wp-json\/wp\/v2\/posts\/5564\/revisions"}],"predecessor-version":[{"id":6114,"href":"https:\/\/diariodaregiao.audiencelabs.com.br\/wp-json\/wp\/v2\/posts\/5564\/revisions\/6114"}],"wp:featuredmedia":[{"embeddable":true,"href":"https:\/\/diariodaregiao.audiencelabs.com.br\/wp-json\/wp\/v2\/media\/5591"}],"wp:attachment":[{"href":"https:\/\/diariodaregiao.audiencelabs.com.br\/wp-json\/wp\/v2\/media?parent=5564"}],"wp:term":[{"taxonomy":"category","embeddable":true,"href":"https:\/\/diariodaregiao.audiencelabs.com.br\/wp-json\/wp\/v2\/categories?post=5564"},{"taxonomy":"post_tag","embeddable":true,"href":"https:\/\/diariodaregiao.audiencelabs.com.br\/wp-json\/wp\/v2\/tags?post=5564"}],"curies":[{"name":"wp","href":"https:\/\/api.w.org\/{rel}","templated":true}]}}