{"id":5611,"date":"2026-01-04T11:10:00","date_gmt":"2026-01-04T14:10:00","guid":{"rendered":"https:\/\/diariodaregiao.audiencelabs.com.br\/?p=5611"},"modified":"2025-12-10T13:39:35","modified_gmt":"2025-12-10T16:39:35","slug":"nova-ave-recem-descoberta-na-amazonia-intriga-cientistas-do-mundo-inteiro","status":"publish","type":"post","link":"https:\/\/diariodaregiao.audiencelabs.com.br\/nova-ave-recem-descoberta-na-amazonia-intriga-cientistas-do-mundo-inteiro\/","title":{"rendered":"Nova ave rec\u00e9m descoberta na Amaz\u00f4nia intriga cientistas do mundo inteiro"},"content":{"rendered":"\n<p>Descoberta na Serra do Divisor, no Acre, a nova esp\u00e9cie de ave sururina-da-serra (<em>Tinamus resonans<\/em>) chama a aten\u00e7\u00e3o de cientistas e entusiastas. Esta ave, tamb\u00e9m conhecida como inhambu, destacou-se por semelhan\u00e7as comportamentais com o extinto dod\u00f4. Ambas s\u00e3o ou foram esp\u00e9cies terrosas que n\u00e3o mostram temor diante de humanos, o que potencializa o risco de extin\u00e7\u00e3o.<\/p>\n\n\n\n<p>Identificada na fronteira entre Brasil e Peru, a sururina-da-serra vive em altitudes de 300 a 800 metros. Essa regi\u00e3o isolada e de dif\u00edcil acesso abriga uma popula\u00e7\u00e3o estimada de aproximadamente 2.106 indiv\u00edduos. O isolamento geogr\u00e1fico agrava as amea\u00e7as de sobreviv\u00eancia da ave, j\u00e1 que ela n\u00e3o desenvolveu mecanismos eficazes de defesa contra predadores humanos.<\/p>\n\n\n\n<h2 class=\"wp-block-heading\">O Habitat e as Amea\u00e7as \u00e0 Sururina-da-Serra<\/h2>\n\n\n\n<p>A Serra do Divisor, onde a sururina-da-serra foi descoberta, \u00e9 um parque nacional. No entanto, enfrenta press\u00f5es crescentes para explora\u00e7\u00e3o econ\u00f4mica que poderiam comprometer a fauna local. Propostas de infraestrutura, como rodovias e ferrovias, est\u00e3o sob considera\u00e7\u00e3o, al\u00e9m de mudan\u00e7as legais que poderiam diminuir a prote\u00e7\u00e3o ambiental da \u00e1rea.<\/p>\n\n\n\n<p>Adicionalmente, as mudan\u00e7as clim\u00e1ticas representam um perigo significativo. Modifica\u00e7\u00f5es na temperatura ou regime de chuvas t\u00eam o potencial de alterar o j\u00e1 limitado habitat da ave, que se encontra no topo de uma &#8220;ilha celeste&#8221; no cora\u00e7\u00e3o da floresta amaz\u00f4nica.<\/p>\n\n\n\n<figure class=\"wp-block-image size-full\"><img decoding=\"async\" src=\"https:\/\/diariodaregiao.audiencelabs.com.br\/wp-content\/uploads\/2025\/12\/e5c91a9c-e7db-4e5b-9ab8-e735554737c8.jpeg\" alt=\"\" class=\"wp-image-5634\"\/><figcaption class=\"wp-element-caption\">Cr\u00e9ditos: Lu\u00eds Morais<\/figcaption><\/figure>\n\n\n\n<h2 class=\"wp-block-heading\">Comportamento e Compara\u00e7\u00f5es com o Dod\u00f4<\/h2>\n\n\n\n<p>Embora n\u00e3o haja rela\u00e7\u00e3o evolutiva direta com o dod\u00f4, ambas as aves compartilham semelhan\u00e7as que preocupam pesquisadores. A sururina-da-serra, como o extinto dod\u00f4, \u00e9 uma criatura terrestre que n\u00e3o exibe medo em rela\u00e7\u00e3o ao contato humano. Esse comportamento, aliado ao habitat restrito, torna a esp\u00e9cie extremamente vulner\u00e1vel a amea\u00e7as externas.<\/p>\n\n\n\n<p>A r\u00e1pida extin\u00e7\u00e3o da ave ap\u00f3s a chegada de humanos serve de alerta para a sururina-da-serra. Proteger esta ave demanda aten\u00e7\u00e3o imediata a quest\u00f5es ambientais e legislativas que colocam sua sobreviv\u00eancia em perigo.<\/p>\n\n\n\n<h2 class=\"wp-block-heading\">Conserva\u00e7\u00e3o e Futuro: Desafios Persistentes<\/h2>\n\n\n\n<p>A cont\u00ednua preserva\u00e7\u00e3o da sururina-da-serra requer o monitoramento atento das press\u00f5es ambientais e das mudan\u00e7as clim\u00e1ticas na Serra do Divisor. Os pesquisadores enfatizam a necessidade de pol\u00edticas eficazes que evitem a degrada\u00e7\u00e3o do ecossistema local. Com a publica\u00e7\u00e3o da sua descri\u00e7\u00e3o cient\u00edfica em 2025, a descoberta da sururina-da-serra refor\u00e7a a import\u00e2ncia de esfor\u00e7os conjuntos para a conserva\u00e7\u00e3o ambiental.<\/p>\n","protected":false},"excerpt":{"rendered":"<p>Descoberta na Serra do Divisor, no Acre, a nova esp\u00e9cie de ave sururina-da-serra (Tinamus resonans) chama a aten\u00e7\u00e3o de cientistas e entusiastas. Esta ave, tamb\u00e9m conhecida como inhambu, destacou-se por semelhan\u00e7as comportamentais com o extinto dod\u00f4. Ambas s\u00e3o ou foram esp\u00e9cies terrosas que n\u00e3o mostram temor diante de humanos, o que potencializa o risco de [&hellip;]<\/p>\n","protected":false},"author":8,"featured_media":5633,"comment_status":"open","ping_status":"open","sticky":false,"template":"","format":"standard","meta":{"jnews-multi-image_gallery":[],"jnews_single_post":{"format":"standard"},"jnews_primary_category":[],"jnews_social_meta":[],"jnews_post_split":[],"footnotes":""},"categories":[1],"tags":[],"class_list":["post-5611","post","type-post","status-publish","format-standard","has-post-thumbnail","hentry","category-variedades"],"_links":{"self":[{"href":"https:\/\/diariodaregiao.audiencelabs.com.br\/wp-json\/wp\/v2\/posts\/5611","targetHints":{"allow":["GET"]}}],"collection":[{"href":"https:\/\/diariodaregiao.audiencelabs.com.br\/wp-json\/wp\/v2\/posts"}],"about":[{"href":"https:\/\/diariodaregiao.audiencelabs.com.br\/wp-json\/wp\/v2\/types\/post"}],"author":[{"embeddable":true,"href":"https:\/\/diariodaregiao.audiencelabs.com.br\/wp-json\/wp\/v2\/users\/8"}],"replies":[{"embeddable":true,"href":"https:\/\/diariodaregiao.audiencelabs.com.br\/wp-json\/wp\/v2\/comments?post=5611"}],"version-history":[{"count":1,"href":"https:\/\/diariodaregiao.audiencelabs.com.br\/wp-json\/wp\/v2\/posts\/5611\/revisions"}],"predecessor-version":[{"id":5635,"href":"https:\/\/diariodaregiao.audiencelabs.com.br\/wp-json\/wp\/v2\/posts\/5611\/revisions\/5635"}],"wp:featuredmedia":[{"embeddable":true,"href":"https:\/\/diariodaregiao.audiencelabs.com.br\/wp-json\/wp\/v2\/media\/5633"}],"wp:attachment":[{"href":"https:\/\/diariodaregiao.audiencelabs.com.br\/wp-json\/wp\/v2\/media?parent=5611"}],"wp:term":[{"taxonomy":"category","embeddable":true,"href":"https:\/\/diariodaregiao.audiencelabs.com.br\/wp-json\/wp\/v2\/categories?post=5611"},{"taxonomy":"post_tag","embeddable":true,"href":"https:\/\/diariodaregiao.audiencelabs.com.br\/wp-json\/wp\/v2\/tags?post=5611"}],"curies":[{"name":"wp","href":"https:\/\/api.w.org\/{rel}","templated":true}]}}