{"id":5791,"date":"2025-12-13T09:10:00","date_gmt":"2025-12-13T12:10:00","guid":{"rendered":"https:\/\/diariodaregiao.audiencelabs.com.br\/?p=5791"},"modified":"2025-12-11T14:45:39","modified_gmt":"2025-12-11T17:45:39","slug":"eike-batista-comemora-venda-de-r-26-bilhoes-apos-uma-decada-em-baixa","status":"publish","type":"post","link":"https:\/\/diariodaregiao.audiencelabs.com.br\/eike-batista-comemora-venda-de-r-26-bilhoes-apos-uma-decada-em-baixa\/","title":{"rendered":"Eike Batista comemora venda de R$ 26 bilh\u00f5es ap\u00f3s uma d\u00e9cada em baixa"},"content":{"rendered":"\n<p>Um ex-projeto do empres\u00e1rio Eike Batista, composto pelo Porto Sudeste e pela mina Morro do Ip\u00ea, deve ser vendido em 2026 por US$ 5 bilh\u00f5es, cerca de R$ 26 bilh\u00f5es. Em v\u00eddeo publicado em seu perfil no Instagram, Eike comentou: &#8220;Est\u00e3o falando em uma venda de 5 bilh\u00f5es de d\u00f3lares, \u00e9 isso mesmo. S\u00f3 de royalties ele gera mais de 150 milh\u00f5es de d\u00f3lares por ano, um royaltie desse vale 3 bilh\u00f5es e de estrutura mais uns 2 bilh\u00f5es. Esse projeto \u00e9 s\u00f3 um de 20&#8221;.&nbsp;<\/p>\n\n\n\n<p>Embora ele n\u00e3o seja mais o dono dos ativos, Batista destacou que foi o respons\u00e1vel por criar e estruturar o projeto. A venda est\u00e1 sendo organizada pelos bancos UBS e Goldman Sachs, com o processo competitivo relan\u00e7ado para potenciais compradores analisarem os n\u00fameros.<\/p>\n\n\n\n<p>O primeiro passo envolve a entrega de propostas n\u00e3o vinculantes, prevista para o primeiro trimestre de 2026. Antes disso, em dezembro, interessados dever\u00e3o assinar os termos de confidencialidade, os chamados NDA (non disclosure agreement), para garantir sigilo durante a an\u00e1lise dos ativos.<\/p>\n\n\n\n<figure class=\"wp-block-gallery has-nested-images columns-default is-cropped wp-block-gallery-1 is-layout-flex wp-block-gallery-is-layout-flex\">\n<figure class=\"wp-block-image size-large\"><img loading=\"lazy\" decoding=\"async\" width=\"900\" height=\"600\" data-id=\"5792\" src=\"https:\/\/diariodaregiao.audiencelabs.com.br\/wp-content\/uploads\/2025\/12\/SaveClip.App_541736485_17962811882969505_8198398418030360828_n.jpg\" alt=\"\" class=\"wp-image-5792\" srcset=\"https:\/\/diariodaregiao.audiencelabs.com.br\/wp-content\/uploads\/2025\/12\/SaveClip.App_541736485_17962811882969505_8198398418030360828_n.jpg 900w, https:\/\/diariodaregiao.audiencelabs.com.br\/wp-content\/uploads\/2025\/12\/SaveClip.App_541736485_17962811882969505_8198398418030360828_n-300x200.jpg 300w, https:\/\/diariodaregiao.audiencelabs.com.br\/wp-content\/uploads\/2025\/12\/SaveClip.App_541736485_17962811882969505_8198398418030360828_n-768x512.jpg 768w, https:\/\/diariodaregiao.audiencelabs.com.br\/wp-content\/uploads\/2025\/12\/SaveClip.App_541736485_17962811882969505_8198398418030360828_n-750x500.jpg 750w\" sizes=\"auto, (max-width: 900px) 100vw, 900px\" \/><figcaption class=\"wp-element-caption\">Cr\u00e9ditos: Instagram \/ @realeikebatista<\/figcaption><\/figure>\n<\/figure>\n\n\n\n<h2 class=\"wp-block-heading\">Detalhes do projeto e potenciais compradores<\/h2>\n\n\n\n<p>O Porto Sudeste \u00e9 um terminal portu\u00e1rio localizado no Estado do Rio de Janeiro, com capacidade para escoar at\u00e9 50 milh\u00f5es de toneladas de min\u00e9rio de ferro por ano. A mina Morro do Ip\u00ea est\u00e1 situada em Minas Gerais, na divisa com o Rio, e \u00e9 integrada ao terminal portu\u00e1rio, o que aumenta a efici\u00eancia log\u00edstica do projeto.&nbsp;<\/p>\n\n\n\n<p>Os ativos pertencem atualmente \u00e0 Mubadala Capital, fundo soberano de Abu Dhabi, e \u00e0 multinacional Trafigura. A origem dos projetos remonta \u00e0 antiga MMX, mineradora fundada por Eike Batista. Ap\u00f3s a quebra do empres\u00e1rio em 2014, a Mubadala herdou participa\u00e7\u00e3o direta nos ativos e, agora, busca realizar a venda ap\u00f3s ultrapassar o prazo de desinvestimento.&nbsp;<\/p>\n","protected":false},"excerpt":{"rendered":"<p>Um ex-projeto do empres\u00e1rio Eike Batista, composto pelo Porto Sudeste e pela mina Morro do Ip\u00ea, deve ser vendido em 2026 por US$ 5 bilh\u00f5es, cerca de R$ 26 bilh\u00f5es. Em v\u00eddeo publicado em seu perfil no Instagram, Eike comentou: &#8220;Est\u00e3o falando em uma venda de 5 bilh\u00f5es de d\u00f3lares, \u00e9 isso mesmo. S\u00f3 de [&hellip;]<\/p>\n","protected":false},"author":4,"featured_media":5793,"comment_status":"open","ping_status":"open","sticky":false,"template":"","format":"standard","meta":{"jnews-multi-image_gallery":[],"jnews_single_post":{"format":"standard"},"jnews_primary_category":[],"jnews_social_meta":[],"jnews_post_split":[],"footnotes":""},"categories":[1],"tags":[],"class_list":["post-5791","post","type-post","status-publish","format-standard","has-post-thumbnail","hentry","category-variedades"],"_links":{"self":[{"href":"https:\/\/diariodaregiao.audiencelabs.com.br\/wp-json\/wp\/v2\/posts\/5791","targetHints":{"allow":["GET"]}}],"collection":[{"href":"https:\/\/diariodaregiao.audiencelabs.com.br\/wp-json\/wp\/v2\/posts"}],"about":[{"href":"https:\/\/diariodaregiao.audiencelabs.com.br\/wp-json\/wp\/v2\/types\/post"}],"author":[{"embeddable":true,"href":"https:\/\/diariodaregiao.audiencelabs.com.br\/wp-json\/wp\/v2\/users\/4"}],"replies":[{"embeddable":true,"href":"https:\/\/diariodaregiao.audiencelabs.com.br\/wp-json\/wp\/v2\/comments?post=5791"}],"version-history":[{"count":2,"href":"https:\/\/diariodaregiao.audiencelabs.com.br\/wp-json\/wp\/v2\/posts\/5791\/revisions"}],"predecessor-version":[{"id":6108,"href":"https:\/\/diariodaregiao.audiencelabs.com.br\/wp-json\/wp\/v2\/posts\/5791\/revisions\/6108"}],"wp:featuredmedia":[{"embeddable":true,"href":"https:\/\/diariodaregiao.audiencelabs.com.br\/wp-json\/wp\/v2\/media\/5793"}],"wp:attachment":[{"href":"https:\/\/diariodaregiao.audiencelabs.com.br\/wp-json\/wp\/v2\/media?parent=5791"}],"wp:term":[{"taxonomy":"category","embeddable":true,"href":"https:\/\/diariodaregiao.audiencelabs.com.br\/wp-json\/wp\/v2\/categories?post=5791"},{"taxonomy":"post_tag","embeddable":true,"href":"https:\/\/diariodaregiao.audiencelabs.com.br\/wp-json\/wp\/v2\/tags?post=5791"}],"curies":[{"name":"wp","href":"https:\/\/api.w.org\/{rel}","templated":true}]}}