{"id":602,"date":"2025-11-01T09:40:00","date_gmt":"2025-11-01T12:40:00","guid":{"rendered":"https:\/\/diariodaregiao.audiencelabs.com.br\/?p=602"},"modified":"2025-10-31T14:36:02","modified_gmt":"2025-10-31T17:36:02","slug":"band-prepara-a-volta-de-programa-que-marcou-epoca-na-tv-brasileira","status":"publish","type":"post","link":"https:\/\/diariodaregiao.audiencelabs.com.br\/band-prepara-a-volta-de-programa-que-marcou-epoca-na-tv-brasileira\/","title":{"rendered":"Band prepara a volta de programa que marcou \u00e9poca na TV Brasileira"},"content":{"rendered":"\n<p>A televis\u00e3o brasileira pode testemunhar o retorno de um dos programas mais ic\u00f4nicos de sua hist\u00f3ria. Ap\u00f3s uma d\u00e9cada de aus\u00eancia, o CQC &#8211; Custe o Que Custar &#8211; est\u00e1 sendo considerado pela Band para um poss\u00edvel relan\u00e7amento no pr\u00f3ximo ano. Essa not\u00edcia reacende debates sobre humor, jornalismo e a evolu\u00e7\u00e3o da m\u00eddia no pa\u00eds.<\/p>\n\n\n\n<figure class=\"wp-block-image size-full\"><img decoding=\"async\" src=\"https:\/\/diariodaregiao.audiencelabs.com.br\/wp-content\/uploads\/2025\/10\/49vzcmx5baj2ez6jhfbpw8470.jpg\" alt=\"\" class=\"wp-image-604\" \/><figcaption class=\"wp-element-caption\">Cr\u00e9ditos: Reprodu\u00e7\u00e3o<\/figcaption><\/figure>\n\n\n\n<h4 class=\"wp-block-heading\">Origens e Legado do CQC<\/h4>\n\n\n\n<p>Lan\u00e7ado em 2008, o CQC revolucionou a TV aberta ao fundir s\u00e1tira pol\u00edtica com reportagens irreverentes. Inspirado no formato argentino Caiga Quien Caiga, o programa contava com apresentadores vestidos de terno preto e \u00f3culos escuros, divididos entre bancada e rep\u00f3rteres de campo. <\/p>\n\n\n\n<p>Ao longo de sete anos, ele exp\u00f4s esc\u00e2ndalos, criticou figuras p\u00fablicas e trouxe leveza a temas s\u00e9rios, marcando gera\u00e7\u00f5es com sua abordagem ousada.<\/p>\n\n\n\n<p>Entre os nomes que brilharam no elenco est\u00e3o Marcelo Tas, Danilo Gentili, Rafinha Bastos, M\u00f4nica Iozzi, Felipe Andreoli, Maur\u00edcio Meirelles e Dani Calabresa. Cada um contribuiu para o sucesso, com quadros como investiga\u00e7\u00f5es em prefeituras ou coberturas de eventos famosos. <\/p>\n\n\n\n<p>O programa encerrou em 2015 devido a reformula\u00e7\u00f5es no elenco e decl\u00ednio na audi\u00eancia, mas deixou um legado de irrever\u00eancia que influenciou outros formatos humor\u00edsticos.<\/p>\n\n\n\n<h4 class=\"wp-block-heading\">Planos para 2026 e Novos Desafios<\/h4>\n\n\n\n<p>Segundo fontes da emissora, Guillermo Pendino, novo respons\u00e1vel pelo setor art\u00edstico, apoia o retorno. A ideia \u00e9 reunir antigos participantes, com Marcelo Tas \u00e0 frente. <\/p>\n\n\n\n<p>Estudos de viabilidade est\u00e3o em andamento, considerando adapta\u00e7\u00f5es para o cen\u00e1rio atual. Em um mundo polarizado, o programa precisaria equilibrar cr\u00edtica e sensibilidade, evitando controv\u00e9rsias excessivas.<\/p>\n\n\n\n<p>Especialistas em comunica\u00e7\u00e3o apontam que o CQC poderia se reinventar com elementos digitais, como transmiss\u00f5es ao vivo no YouTube, para atrair jovens. <\/p>\n\n\n\n<p>A Band v\u00ea potencial em explorar o humor como ferramenta de engajamento, especialmente em tempos de fake news e debates pol\u00edticos acirrados.<\/p>\n","protected":false},"excerpt":{"rendered":"<p>A televis\u00e3o brasileira pode testemunhar o retorno de um dos programas mais ic\u00f4nicos de sua hist\u00f3ria. Ap\u00f3s uma d\u00e9cada de aus\u00eancia, o CQC &#8211; Custe o Que Custar &#8211; est\u00e1 sendo considerado pela Band para um poss\u00edvel relan\u00e7amento no pr\u00f3ximo ano. Essa not\u00edcia reacende debates sobre humor, jornalismo e a evolu\u00e7\u00e3o da m\u00eddia no pa\u00eds. [&hellip;]<\/p>\n","protected":false},"author":5,"featured_media":0,"comment_status":"open","ping_status":"open","sticky":false,"template":"","format":"standard","meta":{"jnews-multi-image_gallery":[],"jnews_single_post":{"format":"standard"},"jnews_primary_category":[],"jnews_social_meta":[],"jnews_post_split":[],"footnotes":""},"categories":[1],"tags":[],"class_list":["post-602","post","type-post","status-publish","format-standard","hentry","category-variedades"],"_links":{"self":[{"href":"https:\/\/diariodaregiao.audiencelabs.com.br\/wp-json\/wp\/v2\/posts\/602","targetHints":{"allow":["GET"]}}],"collection":[{"href":"https:\/\/diariodaregiao.audiencelabs.com.br\/wp-json\/wp\/v2\/posts"}],"about":[{"href":"https:\/\/diariodaregiao.audiencelabs.com.br\/wp-json\/wp\/v2\/types\/post"}],"author":[{"embeddable":true,"href":"https:\/\/diariodaregiao.audiencelabs.com.br\/wp-json\/wp\/v2\/users\/5"}],"replies":[{"embeddable":true,"href":"https:\/\/diariodaregiao.audiencelabs.com.br\/wp-json\/wp\/v2\/comments?post=602"}],"version-history":[{"count":1,"href":"https:\/\/diariodaregiao.audiencelabs.com.br\/wp-json\/wp\/v2\/posts\/602\/revisions"}],"predecessor-version":[{"id":605,"href":"https:\/\/diariodaregiao.audiencelabs.com.br\/wp-json\/wp\/v2\/posts\/602\/revisions\/605"}],"wp:attachment":[{"href":"https:\/\/diariodaregiao.audiencelabs.com.br\/wp-json\/wp\/v2\/media?parent=602"}],"wp:term":[{"taxonomy":"category","embeddable":true,"href":"https:\/\/diariodaregiao.audiencelabs.com.br\/wp-json\/wp\/v2\/categories?post=602"},{"taxonomy":"post_tag","embeddable":true,"href":"https:\/\/diariodaregiao.audiencelabs.com.br\/wp-json\/wp\/v2\/tags?post=602"}],"curies":[{"name":"wp","href":"https:\/\/api.w.org\/{rel}","templated":true}]}}