{"id":6141,"date":"2025-12-15T05:40:00","date_gmt":"2025-12-15T08:40:00","guid":{"rendered":"https:\/\/diariodaregiao.audiencelabs.com.br\/?p=6141"},"modified":"2025-12-13T02:22:36","modified_gmt":"2025-12-13T05:22:36","slug":"melhor-noticia-para-os-fas-de-michael-schumacher-em-2025","status":"publish","type":"post","link":"https:\/\/diariodaregiao.audiencelabs.com.br\/melhor-noticia-para-os-fas-de-michael-schumacher-em-2025\/","title":{"rendered":"Melhor not\u00edcia para os f\u00e3s de Michael Schumacher em 2025"},"content":{"rendered":"\n<p>Uma atualiza\u00e7\u00e3o recente sobre o estado de sa\u00fade de Michael Schumacher trouxe um sinal raro e relevante para f\u00e3s da F\u00f3rmula 1 em 2025. Desde o grave acidente de esqui sofrido em dezembro de 2013, o heptacampe\u00e3o mundial vive sob absoluto sigilo, com informa\u00e7\u00f5es extremamente limitadas sobre sua condi\u00e7\u00e3o cl\u00ednica.<\/p>\n\n\n\n<p>Ao longo de mais de uma d\u00e9cada, a fam\u00edlia optou por n\u00e3o divulgar boletins m\u00e9dicos, o que tornou qualquer manifesta\u00e7\u00e3o p\u00fablica um fato de grande repercuss\u00e3o. A informa\u00e7\u00e3o partiu do jornal franc\u00eas L\u2019\u00c9quipe, com apura\u00e7\u00e3o do jornalista St\u00e9fan L\u2019Hermitt. Segundo ele, houve um epis\u00f3dio recente que pode ser interpretado como o primeiro indicativo positivo em 12 anos.&nbsp;<\/p>\n\n\n\n<figure class=\"wp-block-gallery has-nested-images columns-default is-cropped wp-block-gallery-1 is-layout-flex wp-block-gallery-is-layout-flex\">\n<figure class=\"wp-block-image size-large\"><img decoding=\"async\" data-id=\"6142\" src=\"https:\/\/diariodaregiao.audiencelabs.com.br\/wp-content\/uploads\/2025\/12\/michael-schumacher-1st-positio.jpg\" alt=\"\" class=\"wp-image-6142\" \/><figcaption class=\"wp-element-caption\">Cr\u00e9ditos: Reprodu\u00e7\u00e3o<br><\/figcaption><\/figure>\n<\/figure>\n\n\n\n<h2 class=\"wp-block-heading\">Gesto simb\u00f3lico rompe sil\u00eancio de mais de uma d\u00e9cada<\/h2>\n\n\n\n<p>De acordo com L\u2019Hermitt, Michael Schumacher teria participado simbolicamente de uma a\u00e7\u00e3o beneficente ao autografar um capacete destinado a um evento solid\u00e1rio. N\u00e3o est\u00e1 claro de que forma o aut\u00f3grafo foi feito nem qual foi o grau de participa\u00e7\u00e3o direta do ex-piloto, mas o jornalista destacou que se trata da primeira vez em anos que um ato concreto \u00e9 associado a Schumacher.<\/p>\n\n\n\n<p>Para ele, embora o ex-piloto ainda n\u00e3o esteja bem, o epis\u00f3dio pode indicar alguma evolu\u00e7\u00e3o dentro de um quadro at\u00e9 ent\u00e3o completamente desconhecido. Desde o acidente, Schumacher recebe cuidados m\u00e9dicos cont\u00ednuos em sua resid\u00eancia, com acompanhamento permanente de uma equipe multidisciplinar.<\/p>\n\n\n\n<p>Estima-se que at\u00e9 15 profissionais estejam envolvidos em sua assist\u00eancia di\u00e1ria, incluindo m\u00e9dicos, enfermeiros e cuidadores especializados. O n\u00edvel de privacidade \u00e9 rigoroso, com acesso restrito a familiares e pessoas autorizadas.<\/p>\n\n\n\n<p>Essa postura foi explicada publicamente pelo advogado da fam\u00edlia, Felix Damm, em entrevista concedida em 2023. Segundo ele, a decis\u00e3o de manter o estado de sa\u00fade em sigilo sempre teve como objetivo proteger a vida privada de Schumacher.<\/p>\n","protected":false},"excerpt":{"rendered":"<p>Uma atualiza\u00e7\u00e3o recente sobre o estado de sa\u00fade de Michael Schumacher trouxe um sinal raro e relevante para f\u00e3s da F\u00f3rmula 1 em 2025. Desde o grave acidente de esqui sofrido em dezembro de 2013, o heptacampe\u00e3o mundial vive sob absoluto sigilo, com informa\u00e7\u00f5es extremamente limitadas sobre sua condi\u00e7\u00e3o cl\u00ednica. Ao longo de mais de [&hellip;]<\/p>\n","protected":false},"author":4,"featured_media":0,"comment_status":"open","ping_status":"open","sticky":false,"template":"","format":"standard","meta":{"jnews-multi-image_gallery":[],"jnews_single_post":{"format":"standard"},"jnews_primary_category":[],"jnews_social_meta":[],"jnews_post_split":[],"footnotes":""},"categories":[1],"tags":[],"class_list":["post-6141","post","type-post","status-publish","format-standard","hentry","category-variedades"],"_links":{"self":[{"href":"https:\/\/diariodaregiao.audiencelabs.com.br\/wp-json\/wp\/v2\/posts\/6141","targetHints":{"allow":["GET"]}}],"collection":[{"href":"https:\/\/diariodaregiao.audiencelabs.com.br\/wp-json\/wp\/v2\/posts"}],"about":[{"href":"https:\/\/diariodaregiao.audiencelabs.com.br\/wp-json\/wp\/v2\/types\/post"}],"author":[{"embeddable":true,"href":"https:\/\/diariodaregiao.audiencelabs.com.br\/wp-json\/wp\/v2\/users\/4"}],"replies":[{"embeddable":true,"href":"https:\/\/diariodaregiao.audiencelabs.com.br\/wp-json\/wp\/v2\/comments?post=6141"}],"version-history":[{"count":1,"href":"https:\/\/diariodaregiao.audiencelabs.com.br\/wp-json\/wp\/v2\/posts\/6141\/revisions"}],"predecessor-version":[{"id":6144,"href":"https:\/\/diariodaregiao.audiencelabs.com.br\/wp-json\/wp\/v2\/posts\/6141\/revisions\/6144"}],"wp:attachment":[{"href":"https:\/\/diariodaregiao.audiencelabs.com.br\/wp-json\/wp\/v2\/media?parent=6141"}],"wp:term":[{"taxonomy":"category","embeddable":true,"href":"https:\/\/diariodaregiao.audiencelabs.com.br\/wp-json\/wp\/v2\/categories?post=6141"},{"taxonomy":"post_tag","embeddable":true,"href":"https:\/\/diariodaregiao.audiencelabs.com.br\/wp-json\/wp\/v2\/tags?post=6141"}],"curies":[{"name":"wp","href":"https:\/\/api.w.org\/{rel}","templated":true}]}}