{"id":7199,"date":"2025-12-27T08:33:00","date_gmt":"2025-12-27T11:33:00","guid":{"rendered":"https:\/\/diariodaregiao.audiencelabs.com.br\/?p=7199"},"modified":"2025-12-26T14:15:41","modified_gmt":"2025-12-26T17:15:41","slug":"principal-rio-do-sul-do-brasil-esta-sendo-invadido-por-piranhas","status":"publish","type":"post","link":"https:\/\/diariodaregiao.audiencelabs.com.br\/principal-rio-do-sul-do-brasil-esta-sendo-invadido-por-piranhas\/","title":{"rendered":"Principal Rio do Sul do Brasil est\u00e1 sendo invadido por piranhas"},"content":{"rendered":"\n<p>O principal rio do Sul do Brasil que vem registrando a presen\u00e7a de piranhas \u00e9 o Rio Uruguai, especialmente em trechos localizados no Rio Grande do Sul. A esp\u00e9cie mais observada \u00e9 a palometa, tamb\u00e9m conhecida como piranha-vermelha (Pygocentrus nattereri). Embora seja nativa da bacia do Rio Uruguai, sua expans\u00e3o para outras \u00e1reas tem gerado aten\u00e7\u00e3o de pescadores, pesquisadores e \u00f3rg\u00e3os ambientais.<\/p>\n\n\n\n<p>Nos \u00faltimos anos, registros da esp\u00e9cie passaram a ocorrer com mais frequ\u00eancia em rios e lagos que n\u00e3o faziam parte de sua distribui\u00e7\u00e3o natural. Esse avan\u00e7o \u00e9 associado a fatores como enchentes, conex\u00f5es artificiais entre bacias e introdu\u00e7\u00f5es acidentais.&nbsp;<\/p>\n\n\n\n<figure class=\"wp-block-gallery has-nested-images columns-default is-cropped wp-block-gallery-1 is-layout-flex wp-block-gallery-is-layout-flex\">\n<figure class=\"wp-block-image size-large\"><img loading=\"lazy\" decoding=\"async\" width=\"900\" height=\"596\" data-id=\"7200\" src=\"https:\/\/diariodaregiao.audiencelabs.com.br\/wp-content\/uploads\/2025\/12\/132435_shutterstock_544494058.jpg\" alt=\"\" class=\"wp-image-7200\" srcset=\"https:\/\/diariodaregiao.audiencelabs.com.br\/wp-content\/uploads\/2025\/12\/132435_shutterstock_544494058.jpg 900w, https:\/\/diariodaregiao.audiencelabs.com.br\/wp-content\/uploads\/2025\/12\/132435_shutterstock_544494058-300x199.jpg 300w, https:\/\/diariodaregiao.audiencelabs.com.br\/wp-content\/uploads\/2025\/12\/132435_shutterstock_544494058-768x509.jpg 768w, https:\/\/diariodaregiao.audiencelabs.com.br\/wp-content\/uploads\/2025\/12\/132435_shutterstock_544494058-750x497.jpg 750w\" sizes=\"auto, (max-width: 900px) 100vw, 900px\" \/><figcaption class=\"wp-element-caption\">Cr\u00e9ditos: Shutterstock<br><\/figcaption><\/figure>\n<\/figure>\n\n\n\n<h2 class=\"wp-block-heading\">Avan\u00e7o da esp\u00e9cie e \u00e1reas afetadas<\/h2>\n\n\n\n<p>Al\u00e9m do Rio Uruguai, afluentes importantes tamb\u00e9m passaram a apresentar registros de piranhas. O Rio Jacu\u00ed \u00e9 um dos casos mais citados, com relatos de preju\u00edzos para pescadores devido a ataques a peixes capturados e danos frequentes \u00e0s redes. A presen\u00e7a constante da esp\u00e9cie indica adapta\u00e7\u00e3o ao ambiente e capacidade de reprodu\u00e7\u00e3o em \u00e1reas fora do seu n\u00facleo original.<\/p>\n\n\n\n<p>O Lago Gua\u00edba e o Rio dos Sinos tamb\u00e9m entraram no mapa de monitoramento. Esses locais passaram a registrar ocorr\u00eancias ap\u00f3s grandes eventos de cheia, que facilitaram o deslocamento dos peixes entre sistemas h\u00eddricos conectados.&nbsp;<\/p>\n\n\n\n<p>Apesar da preocupa\u00e7\u00e3o, especialistas apontam que o risco de ataques a banhistas \u00e9 considerado baixo, j\u00e1 que o comportamento agressivo ocorre principalmente em disputas por alimento ou defesa.<\/p>\n\n\n\n<p>A expans\u00e3o das piranhas no Sul do Brasil est\u00e1 ligada, em grande parte, \u00e0 a\u00e7\u00e3o humana. Transbordamentos de a\u00e7udes e lagos particulares durante enchentes podem ter contribu\u00eddo para a dispers\u00e3o da esp\u00e9cie. Al\u00e9m disso, a aus\u00eancia de predadores naturais em algumas \u00e1reas favorece o crescimento populacional.<\/p>\n","protected":false},"excerpt":{"rendered":"<p>O principal rio do Sul do Brasil que vem registrando a presen\u00e7a de piranhas \u00e9 o Rio Uruguai, especialmente em trechos localizados no Rio Grande do Sul. A esp\u00e9cie mais observada \u00e9 a palometa, tamb\u00e9m conhecida como piranha-vermelha (Pygocentrus nattereri). Embora seja nativa da bacia do Rio Uruguai, sua expans\u00e3o para outras \u00e1reas tem gerado [&hellip;]<\/p>\n","protected":false},"author":4,"featured_media":7201,"comment_status":"open","ping_status":"open","sticky":false,"template":"","format":"standard","meta":{"jnews-multi-image_gallery":[],"jnews_single_post":{"format":"standard"},"jnews_primary_category":[],"jnews_social_meta":[],"jnews_post_split":[],"footnotes":""},"categories":[1],"tags":[],"class_list":["post-7199","post","type-post","status-publish","format-standard","has-post-thumbnail","hentry","category-variedades"],"_links":{"self":[{"href":"https:\/\/diariodaregiao.audiencelabs.com.br\/wp-json\/wp\/v2\/posts\/7199","targetHints":{"allow":["GET"]}}],"collection":[{"href":"https:\/\/diariodaregiao.audiencelabs.com.br\/wp-json\/wp\/v2\/posts"}],"about":[{"href":"https:\/\/diariodaregiao.audiencelabs.com.br\/wp-json\/wp\/v2\/types\/post"}],"author":[{"embeddable":true,"href":"https:\/\/diariodaregiao.audiencelabs.com.br\/wp-json\/wp\/v2\/users\/4"}],"replies":[{"embeddable":true,"href":"https:\/\/diariodaregiao.audiencelabs.com.br\/wp-json\/wp\/v2\/comments?post=7199"}],"version-history":[{"count":2,"href":"https:\/\/diariodaregiao.audiencelabs.com.br\/wp-json\/wp\/v2\/posts\/7199\/revisions"}],"predecessor-version":[{"id":7569,"href":"https:\/\/diariodaregiao.audiencelabs.com.br\/wp-json\/wp\/v2\/posts\/7199\/revisions\/7569"}],"wp:featuredmedia":[{"embeddable":true,"href":"https:\/\/diariodaregiao.audiencelabs.com.br\/wp-json\/wp\/v2\/media\/7201"}],"wp:attachment":[{"href":"https:\/\/diariodaregiao.audiencelabs.com.br\/wp-json\/wp\/v2\/media?parent=7199"}],"wp:term":[{"taxonomy":"category","embeddable":true,"href":"https:\/\/diariodaregiao.audiencelabs.com.br\/wp-json\/wp\/v2\/categories?post=7199"},{"taxonomy":"post_tag","embeddable":true,"href":"https:\/\/diariodaregiao.audiencelabs.com.br\/wp-json\/wp\/v2\/tags?post=7199"}],"curies":[{"name":"wp","href":"https:\/\/api.w.org\/{rel}","templated":true}]}}