{"id":8301,"date":"2026-05-01T20:20:24","date_gmt":"2026-05-01T23:20:24","guid":{"rendered":"https:\/\/diariodaregiao.audiencelabs.com.br\/?p=8301"},"modified":"2026-04-30T21:45:14","modified_gmt":"2026-05-01T00:45:14","slug":"5-racas-de-cachorros-que-sao-sensiveis-ao-frio-e-precisam-usar-casaquinho","status":"publish","type":"post","link":"https:\/\/diariodaregiao.audiencelabs.com.br\/5-racas-de-cachorros-que-sao-sensiveis-ao-frio-e-precisam-usar-casaquinho\/","title":{"rendered":"5 ra\u00e7as de cachorros que s\u00e3o sens\u00edveis ao frio e precisam usar casaquinho"},"content":{"rendered":"\n<p>Com a chegada do inverno, os pais e m\u00e3es de pet passam a se preocupar com seus cachorros e o frio que podem sentir. Em alguns casos, \u00e9 preciso at\u00e9 mesmo agasalhar bem os bichinhos, seja para ficar em casa ou sair na rua.<\/p>\n\n\n\n<p>A necessidade de usar roupa varia de caso para caso. Existem c\u00e3es que possuem uma pelagem protetora que os mant\u00e9m aquecidos no inverno. Mas h\u00e1 aquelas ra\u00e7as que n\u00e3o disp\u00f5em dessas caracter\u00edsticas e precisam de ajuda para se manterem aquecidas.<\/p>\n\n\n\n<p>De forma geral, os c\u00e3es de pouco pelo necessitam de roupinhas &#8211; sem a necessidade de sapatos, segundo especialistas. Outro fator importante \u00e9 a altura do cachorro: quando menor, mais pr\u00f3ximo do ch\u00e3o ele est\u00e1, logo sente frio mais r\u00e1pido.<\/p>\n\n\n\n<p>C\u00e3es de idade mais avan\u00e7ada e com problemas de sa\u00fade tamb\u00e9m podem ter maior sensibilidade ao clima frio. Abaixo, listamos algumas ra\u00e7as que sofrem mais nessa \u00e9poca do ano e, por essa raz\u00e3o, precisam de uma aten\u00e7\u00e3o especial.<\/p>\n\n\n\n<h2 class=\"wp-block-heading\">Veja os 5 cachorros que precisam de roupa no frio:<\/h2>\n\n\n\n<p><strong>Yorkshire<\/strong> &#8211; Ra\u00e7a de origem inglesa, o Yorkshire \u00e9 uma das mais populares por aqui no Brasil e est\u00e1 presente em muitos lares. Embora tenha bastante pelo, seu porte pequeno faz com que seja mais propenso a sentir frio.<\/p>\n\n\n\n<p><strong>Dachshund<\/strong> &#8211; Tamb\u00e9m bastante conhecido dos brasileiros, o Dachshund, ou Salsicha, \u00e9 de origem alem\u00e3. Por ser pequeno e n\u00e3o ter uma pelagem robusta, acaba sendo mais facilmente acometido pelo inverno.<\/p>\n\n\n\n<p><strong>Pug<\/strong> &#8211; Assim como no caso do Salsicha, o Pug tamb\u00e9m \u00e9 menor e possui pouco pelo, o que o faz sentir mais o frio do que outras ra\u00e7as. Sua origem \u00e9 chinesa.<\/p>\n\n\n\n<p><strong>Chihuahua<\/strong> &#8211; Outro pequeno companheiro de muitos brasileiros, o Chihuahua \u00e9 ainda menor que os c\u00e3es citados anteriormente. Por essa raz\u00e3o, o cachorro de origem mexicana sofre mais no frio.<\/p>\n\n\n\n<p><strong>Boxer<\/strong> &#8211; Diferentemente dos exemplos anteriores, o Boxer \u00e9 uma ra\u00e7a de grande porte. Ainda assim, sua pelagem baixa o deixa vulner\u00e1vel no inverno, o que pode fazer o ca\u00e7ador alem\u00e3o sentir frio.<\/p>\n","protected":false},"excerpt":{"rendered":"<p>Com a chegada do inverno, os pais e m\u00e3es de pet passam a se preocupar com seus cachorros e o frio que podem sentir. Em alguns casos, \u00e9 preciso at\u00e9 mesmo agasalhar bem os bichinhos, seja para ficar em casa ou sair na rua. A necessidade de usar roupa varia de caso para caso. Existem [&hellip;]<\/p>\n","protected":false},"author":14,"featured_media":8302,"comment_status":"open","ping_status":"open","sticky":false,"template":"","format":"standard","meta":{"jnews-multi-image_gallery":[],"jnews_single_post":{"format":"standard"},"jnews_primary_category":[],"jnews_social_meta":[],"jnews_post_split":[],"footnotes":""},"categories":[1],"tags":[],"class_list":["post-8301","post","type-post","status-publish","format-standard","has-post-thumbnail","hentry","category-variedades"],"_links":{"self":[{"href":"https:\/\/diariodaregiao.audiencelabs.com.br\/wp-json\/wp\/v2\/posts\/8301","targetHints":{"allow":["GET"]}}],"collection":[{"href":"https:\/\/diariodaregiao.audiencelabs.com.br\/wp-json\/wp\/v2\/posts"}],"about":[{"href":"https:\/\/diariodaregiao.audiencelabs.com.br\/wp-json\/wp\/v2\/types\/post"}],"author":[{"embeddable":true,"href":"https:\/\/diariodaregiao.audiencelabs.com.br\/wp-json\/wp\/v2\/users\/14"}],"replies":[{"embeddable":true,"href":"https:\/\/diariodaregiao.audiencelabs.com.br\/wp-json\/wp\/v2\/comments?post=8301"}],"version-history":[{"count":2,"href":"https:\/\/diariodaregiao.audiencelabs.com.br\/wp-json\/wp\/v2\/posts\/8301\/revisions"}],"predecessor-version":[{"id":24164,"href":"https:\/\/diariodaregiao.audiencelabs.com.br\/wp-json\/wp\/v2\/posts\/8301\/revisions\/24164"}],"wp:featuredmedia":[{"embeddable":true,"href":"https:\/\/diariodaregiao.audiencelabs.com.br\/wp-json\/wp\/v2\/media\/8302"}],"wp:attachment":[{"href":"https:\/\/diariodaregiao.audiencelabs.com.br\/wp-json\/wp\/v2\/media?parent=8301"}],"wp:term":[{"taxonomy":"category","embeddable":true,"href":"https:\/\/diariodaregiao.audiencelabs.com.br\/wp-json\/wp\/v2\/categories?post=8301"},{"taxonomy":"post_tag","embeddable":true,"href":"https:\/\/diariodaregiao.audiencelabs.com.br\/wp-json\/wp\/v2\/tags?post=8301"}],"curies":[{"name":"wp","href":"https:\/\/api.w.org\/{rel}","templated":true}]}}